{"id":1026,"date":"2024-03-17T12:04:01","date_gmt":"2024-03-17T12:04:01","guid":{"rendered":"https:\/\/estatutodelartista.com\/que-es-la-compatibilitat-de-la-jubilacio-abast-i-funcionament"},"modified":"2024-10-23T10:36:29","modified_gmt":"2024-10-23T10:36:29","slug":"que-es-la-compatibilitat-de-la-jubilacio-abast-i-funcionament","status":"publish","type":"post","link":"https:\/\/estatutodelartista.com\/ca\/que-es-la-compatibilitat-de-la-jubilacio-abast-i-funcionament","title":{"rendered":"Qu\u00e8 \u00e9s la compatibilitat de la jubilaci\u00f3. Abast i funcionament."},"content":{"rendered":"\n<p id=\"jubilacion\">El reconeixement de la compatibilitat entre l&#8217;activitat art\u00edstica i les prestacions socials ha evolucionat gradualment. Al principi, es va acceptar que la pensi\u00f3 de jubilaci\u00f3 fos compatible amb els drets de propietat intel\u00b7lectual. Despr\u00e9s es va ampliar per incloure les pensions de jubilaci\u00f3 de classes passives. Finalment, es va aconseguir que les pensions de jubilaci\u00f3, tant contributives com no contributives, fossin compatibles amb les activitats art\u00edstiques, ja sigui per compte ali\u00e8 o propi.<\/p>\n\n\n\n<p><strong>Qu\u00e8 suposa la compatibilitat.<\/strong>&#8211; Quan un artista jubilat, que no s&#8217;hagi jubilat de manera anticipada, fa actuacions, concerts o sessions, segueix rebent el 100% de la pensi\u00f3. \u00c9s a dir, els dies que treballa no es descompten de la pensi\u00f3. Tot i aix\u00f2, a la seva n\u00f2mina, l&#8217;empresa deduir\u00e0 un 6% de les bases de cotitzaci\u00f3 declarades com una contribuci\u00f3 solid\u00e0ria al sistema.<\/p>\n\n\n\n<p><strong>Quan va comen\u00e7ar a aplicar-se.<\/strong> A partir de l&#8217;1 d&#8217;abril del 2023.<\/p>\n\n\n\n<p><strong>No s&#8217;aplica la compatibilitat.-<\/strong> Quan una persona jubilada realitza activitats art\u00edstiques a m\u00e9s d&#8217;altres treballs, ja sigui per compte ali\u00e8 o per compte propi no relacionats amb l&#8217;art, el sistema no aplica deduccions a la seva pensi\u00f3. Aix\u00f2 tamb\u00e9 \u00e9s v\u00e0lid per a aquells que estan jubilats anticipadament i encara no han arribat a l&#8217;edat ordin\u00e0ria de jubilaci\u00f3 (67 o 65 anys amb 38 anys i 6 mesos de cotitzaci\u00f3).<\/p>\n\n\n\n<p><strong>Casos especials.-<\/strong> La compatibilitat entre la pensi\u00f3 i l&#8217;activitat art\u00edstica no s&#8217;aplica si l&#8217;artista jubilat tria suspendre el cobrament de la pensi\u00f3 durant els per\u00edodes en qu\u00e8 realitza activitats art\u00edstiques. Aix\u00f2 s&#8217;ha de comunicar tant a l&#8217;empresa com a l&#8217;Institut Nacional de la Seguretat Social. Per exemple, si l&#8217;artista vol continuar cotitzant per augmentar el percentatge de la base reguladora en haver cotitzat un any addicional complet.<\/p>\n\n\n\n<p><strong>On es regula.-<\/strong> Al Reial decret llei 1\/2023, de 10 de gener, de mesures urgents en mat\u00e8ria d&#8217;incentius a la contractaci\u00f3 laboral i millora de la protecci\u00f3 social de les persones artistes.<\/p>\n","protected":false},"excerpt":{"rendered":"<p>El reconeixement de la compatibilitat entre l&#8217;activitat art\u00edstica i les prestacions socials ha evolucionat gradualment. Al principi, es va acceptar que la pensi\u00f3 de jubilaci\u00f3 fos compatible amb els drets de propietat intel\u00b7lectual. Despr\u00e9s es va ampliar per incloure les pensions de jubilaci\u00f3 de classes passives. Finalment, es va aconseguir que les pensions de jubilaci\u00f3, [&hellip;]<\/p>\n","protected":false},"author":2,"featured_media":0,"comment_status":"closed","ping_status":"closed","sticky":false,"template":"","format":"standard","meta":{"footnotes":""},"categories":[28],"tags":[],"class_list":["post-1026","post","type-post","status-publish","format-standard","hentry","category-assoliments"],"yoast_head":"<!-- This site is optimized with the Yoast SEO plugin v27.1.1 - https:\/\/yoast.com\/product\/yoast-seo-wordpress\/ -->\n<title>Qu\u00e8 \u00e9s la compatibilitat de la jubilaci\u00f3. Abast i funcionament. - Estatuto del Artista - ConArte<\/title>\n<meta name=\"robots\" content=\"index, follow, max-snippet:-1, max-image-preview:large, max-video-preview:-1\" \/>\n<link rel=\"canonical\" href=\"https:\/\/estatutodelartista.com\/ca\/que-es-la-compatibilitat-de-la-jubilacio-abast-i-funcionament\" \/>\n<meta property=\"og:locale\" content=\"ca_ES\" \/>\n<meta property=\"og:type\" content=\"article\" \/>\n<meta property=\"og:title\" content=\"Qu\u00e8 \u00e9s la compatibilitat de la jubilaci\u00f3. Abast i funcionament. - Estatuto del Artista - ConArte\" \/>\n<meta property=\"og:description\" content=\"El reconeixement de la compatibilitat entre l&#8217;activitat art\u00edstica i les prestacions socials ha evolucionat gradualment. Al principi, es va acceptar que la pensi\u00f3 de jubilaci\u00f3 fos compatible amb els drets de propietat intel\u00b7lectual. Despr\u00e9s es va ampliar per incloure les pensions de jubilaci\u00f3 de classes passives. Finalment, es va aconseguir que les pensions de jubilaci\u00f3, [&hellip;]\" \/>\n<meta property=\"og:url\" content=\"https:\/\/estatutodelartista.com\/ca\/que-es-la-compatibilitat-de-la-jubilacio-abast-i-funcionament\" \/>\n<meta property=\"og:site_name\" content=\"Estatuto del Artista - ConArte\" \/>\n<meta property=\"article:publisher\" content=\"https:\/\/www.youtube.com\/channel\/UCkmRiNakmIVJ36IQkwouSGw\" \/>\n<meta property=\"article:published_time\" content=\"2024-03-17T12:04:01+00:00\" \/>\n<meta property=\"article:modified_time\" content=\"2024-10-23T10:36:29+00:00\" \/>\n<meta name=\"author\" content=\"John\" \/>\n<meta name=\"twitter:card\" content=\"summary_large_image\" \/>\n<meta name=\"twitter:label1\" content=\"Escrit per\" \/>\n\t<meta name=\"twitter:data1\" content=\"John\" \/>\n\t<meta name=\"twitter:label2\" content=\"Temps estimat de lectura\" \/>\n\t<meta name=\"twitter:data2\" content=\"2 minuts\" \/>\n<script type=\"application\/ld+json\" class=\"yoast-schema-graph\">{\"@context\":\"https:\/\/schema.org\",\"@graph\":[{\"@type\":\"Article\",\"@id\":\"https:\/\/estatutodelartista.com\/ca\/que-es-la-compatibilitat-de-la-jubilacio-abast-i-funcionament#article\",\"isPartOf\":{\"@id\":\"https:\/\/estatutodelartista.com\/ca\/que-es-la-compatibilitat-de-la-jubilacio-abast-i-funcionament\"},\"author\":{\"name\":\"John\",\"@id\":\"https:\/\/estatutodelartista.com\/ca#\/schema\/person\/6b3220ca521e5314484b7f3959dd208a\"},\"headline\":\"Qu\u00e8 \u00e9s la compatibilitat de la jubilaci\u00f3. Abast i funcionament.\",\"datePublished\":\"2024-03-17T12:04:01+00:00\",\"dateModified\":\"2024-10-23T10:36:29+00:00\",\"mainEntityOfPage\":{\"@id\":\"https:\/\/estatutodelartista.com\/ca\/que-es-la-compatibilitat-de-la-jubilacio-abast-i-funcionament\"},\"wordCount\":353,\"publisher\":{\"@id\":\"https:\/\/estatutodelartista.com\/ca#organization\"},\"articleSection\":[\"Assoliments\"],\"inLanguage\":\"ca\"},{\"@type\":\"WebPage\",\"@id\":\"https:\/\/estatutodelartista.com\/ca\/que-es-la-compatibilitat-de-la-jubilacio-abast-i-funcionament\",\"url\":\"https:\/\/estatutodelartista.com\/ca\/que-es-la-compatibilitat-de-la-jubilacio-abast-i-funcionament\",\"name\":\"Qu\u00e8 \u00e9s la compatibilitat de la jubilaci\u00f3. Abast i funcionament. - Estatuto del Artista - ConArte\",\"isPartOf\":{\"@id\":\"https:\/\/estatutodelartista.com\/ca#website\"},\"datePublished\":\"2024-03-17T12:04:01+00:00\",\"dateModified\":\"2024-10-23T10:36:29+00:00\",\"breadcrumb\":{\"@id\":\"https:\/\/estatutodelartista.com\/ca\/que-es-la-compatibilitat-de-la-jubilacio-abast-i-funcionament#breadcrumb\"},\"inLanguage\":\"ca\",\"potentialAction\":[{\"@type\":\"ReadAction\",\"target\":[\"https:\/\/estatutodelartista.com\/ca\/que-es-la-compatibilitat-de-la-jubilacio-abast-i-funcionament\"]}]},{\"@type\":\"BreadcrumbList\",\"@id\":\"https:\/\/estatutodelartista.com\/ca\/que-es-la-compatibilitat-de-la-jubilacio-abast-i-funcionament#breadcrumb\",\"itemListElement\":[{\"@type\":\"ListItem\",\"position\":1,\"name\":\"Portada\",\"item\":\"https:\/\/estatutodelartista.com\/ca\"},{\"@type\":\"ListItem\",\"position\":2,\"name\":\"Qu\u00e8 \u00e9s la compatibilitat de la jubilaci\u00f3. Abast i funcionament.\"}]},{\"@type\":\"WebSite\",\"@id\":\"https:\/\/estatutodelartista.com\/ca#website\",\"url\":\"https:\/\/estatutodelartista.com\/ca\",\"name\":\"Estatuto del Artista\",\"description\":\"La web dedicada al Estatuto del Artista - ConArte\",\"publisher\":{\"@id\":\"https:\/\/estatutodelartista.com\/ca#organization\"},\"potentialAction\":[{\"@type\":\"SearchAction\",\"target\":{\"@type\":\"EntryPoint\",\"urlTemplate\":\"https:\/\/estatutodelartista.com\/ca?s={search_term_string}\"},\"query-input\":{\"@type\":\"PropertyValueSpecification\",\"valueRequired\":true,\"valueName\":\"search_term_string\"}}],\"inLanguage\":\"ca\"},{\"@type\":\"Organization\",\"@id\":\"https:\/\/estatutodelartista.com\/ca#organization\",\"name\":\"Estatuto del Artista\",\"url\":\"https:\/\/estatutodelartista.com\/ca\",\"logo\":{\"@type\":\"ImageObject\",\"inLanguage\":\"ca\",\"@id\":\"https:\/\/estatutodelartista.com\/ca#\/schema\/logo\/image\/\",\"url\":\"https:\/\/estatutodelartista.com\/wp-content\/uploads\/2024\/03\/EDA-LOGO-rojo.svg\",\"contentUrl\":\"https:\/\/estatutodelartista.com\/wp-content\/uploads\/2024\/03\/EDA-LOGO-rojo.svg\",\"width\":300,\"height\":300,\"caption\":\"Estatuto del Artista\"},\"image\":{\"@id\":\"https:\/\/estatutodelartista.com\/ca#\/schema\/logo\/image\/\"},\"sameAs\":[\"https:\/\/www.youtube.com\/channel\/UCkmRiNakmIVJ36IQkwouSGw\",\"https:\/\/www.instagram.com\/conarte_artistas\/\"]},{\"@type\":\"Person\",\"@id\":\"https:\/\/estatutodelartista.com\/ca#\/schema\/person\/6b3220ca521e5314484b7f3959dd208a\",\"name\":\"John\",\"image\":{\"@type\":\"ImageObject\",\"inLanguage\":\"ca\",\"@id\":\"https:\/\/estatutodelartista.com\/ca#\/schema\/person\/image\/\",\"url\":\"https:\/\/estatutodelartista.com\/wp-content\/litespeed\/avatar\/7d43e434a148352262065e6d9cd2ada3.jpg?ver=1777503832\",\"contentUrl\":\"https:\/\/estatutodelartista.com\/wp-content\/litespeed\/avatar\/7d43e434a148352262065e6d9cd2ada3.jpg?ver=1777503832\",\"caption\":\"John\"},\"url\":\"https:\/\/estatutodelartista.com\/ca\/author\/john\"}]}<\/script>\n<!-- \/ Yoast SEO plugin. -->","yoast_head_json":{"title":"Qu\u00e8 \u00e9s la compatibilitat de la jubilaci\u00f3. Abast i funcionament. - Estatuto del Artista - ConArte","robots":{"index":"index","follow":"follow","max-snippet":"max-snippet:-1","max-image-preview":"max-image-preview:large","max-video-preview":"max-video-preview:-1"},"canonical":"https:\/\/estatutodelartista.com\/ca\/que-es-la-compatibilitat-de-la-jubilacio-abast-i-funcionament","og_locale":"ca_ES","og_type":"article","og_title":"Qu\u00e8 \u00e9s la compatibilitat de la jubilaci\u00f3. Abast i funcionament. - Estatuto del Artista - ConArte","og_description":"El reconeixement de la compatibilitat entre l&#8217;activitat art\u00edstica i les prestacions socials ha evolucionat gradualment. Al principi, es va acceptar que la pensi\u00f3 de jubilaci\u00f3 fos compatible amb els drets de propietat intel\u00b7lectual. Despr\u00e9s es va ampliar per incloure les pensions de jubilaci\u00f3 de classes passives. Finalment, es va aconseguir que les pensions de jubilaci\u00f3, [&hellip;]","og_url":"https:\/\/estatutodelartista.com\/ca\/que-es-la-compatibilitat-de-la-jubilacio-abast-i-funcionament","og_site_name":"Estatuto del Artista - ConArte","article_publisher":"https:\/\/www.youtube.com\/channel\/UCkmRiNakmIVJ36IQkwouSGw","article_published_time":"2024-03-17T12:04:01+00:00","article_modified_time":"2024-10-23T10:36:29+00:00","author":"John","twitter_card":"summary_large_image","twitter_misc":{"Escrit per":"John","Temps estimat de lectura":"2 minuts"},"schema":{"@context":"https:\/\/schema.org","@graph":[{"@type":"Article","@id":"https:\/\/estatutodelartista.com\/ca\/que-es-la-compatibilitat-de-la-jubilacio-abast-i-funcionament#article","isPartOf":{"@id":"https:\/\/estatutodelartista.com\/ca\/que-es-la-compatibilitat-de-la-jubilacio-abast-i-funcionament"},"author":{"name":"John","@id":"https:\/\/estatutodelartista.com\/ca#\/schema\/person\/6b3220ca521e5314484b7f3959dd208a"},"headline":"Qu\u00e8 \u00e9s la compatibilitat de la jubilaci\u00f3. Abast i funcionament.","datePublished":"2024-03-17T12:04:01+00:00","dateModified":"2024-10-23T10:36:29+00:00","mainEntityOfPage":{"@id":"https:\/\/estatutodelartista.com\/ca\/que-es-la-compatibilitat-de-la-jubilacio-abast-i-funcionament"},"wordCount":353,"publisher":{"@id":"https:\/\/estatutodelartista.com\/ca#organization"},"articleSection":["Assoliments"],"inLanguage":"ca"},{"@type":"WebPage","@id":"https:\/\/estatutodelartista.com\/ca\/que-es-la-compatibilitat-de-la-jubilacio-abast-i-funcionament","url":"https:\/\/estatutodelartista.com\/ca\/que-es-la-compatibilitat-de-la-jubilacio-abast-i-funcionament","name":"Qu\u00e8 \u00e9s la compatibilitat de la jubilaci\u00f3. Abast i funcionament. - Estatuto del Artista - ConArte","isPartOf":{"@id":"https:\/\/estatutodelartista.com\/ca#website"},"datePublished":"2024-03-17T12:04:01+00:00","dateModified":"2024-10-23T10:36:29+00:00","breadcrumb":{"@id":"https:\/\/estatutodelartista.com\/ca\/que-es-la-compatibilitat-de-la-jubilacio-abast-i-funcionament#breadcrumb"},"inLanguage":"ca","potentialAction":[{"@type":"ReadAction","target":["https:\/\/estatutodelartista.com\/ca\/que-es-la-compatibilitat-de-la-jubilacio-abast-i-funcionament"]}]},{"@type":"BreadcrumbList","@id":"https:\/\/estatutodelartista.com\/ca\/que-es-la-compatibilitat-de-la-jubilacio-abast-i-funcionament#breadcrumb","itemListElement":[{"@type":"ListItem","position":1,"name":"Portada","item":"https:\/\/estatutodelartista.com\/ca"},{"@type":"ListItem","position":2,"name":"Qu\u00e8 \u00e9s la compatibilitat de la jubilaci\u00f3. Abast i funcionament."}]},{"@type":"WebSite","@id":"https:\/\/estatutodelartista.com\/ca#website","url":"https:\/\/estatutodelartista.com\/ca","name":"Estatuto del Artista","description":"La web dedicada al Estatuto del Artista - ConArte","publisher":{"@id":"https:\/\/estatutodelartista.com\/ca#organization"},"potentialAction":[{"@type":"SearchAction","target":{"@type":"EntryPoint","urlTemplate":"https:\/\/estatutodelartista.com\/ca?s={search_term_string}"},"query-input":{"@type":"PropertyValueSpecification","valueRequired":true,"valueName":"search_term_string"}}],"inLanguage":"ca"},{"@type":"Organization","@id":"https:\/\/estatutodelartista.com\/ca#organization","name":"Estatuto del Artista","url":"https:\/\/estatutodelartista.com\/ca","logo":{"@type":"ImageObject","inLanguage":"ca","@id":"https:\/\/estatutodelartista.com\/ca#\/schema\/logo\/image\/","url":"https:\/\/estatutodelartista.com\/wp-content\/uploads\/2024\/03\/EDA-LOGO-rojo.svg","contentUrl":"https:\/\/estatutodelartista.com\/wp-content\/uploads\/2024\/03\/EDA-LOGO-rojo.svg","width":300,"height":300,"caption":"Estatuto del Artista"},"image":{"@id":"https:\/\/estatutodelartista.com\/ca#\/schema\/logo\/image\/"},"sameAs":["https:\/\/www.youtube.com\/channel\/UCkmRiNakmIVJ36IQkwouSGw","https:\/\/www.instagram.com\/conarte_artistas\/"]},{"@type":"Person","@id":"https:\/\/estatutodelartista.com\/ca#\/schema\/person\/6b3220ca521e5314484b7f3959dd208a","name":"John","image":{"@type":"ImageObject","inLanguage":"ca","@id":"https:\/\/estatutodelartista.com\/ca#\/schema\/person\/image\/","url":"https:\/\/estatutodelartista.com\/wp-content\/litespeed\/avatar\/7d43e434a148352262065e6d9cd2ada3.jpg?ver=1777503832","contentUrl":"https:\/\/estatutodelartista.com\/wp-content\/litespeed\/avatar\/7d43e434a148352262065e6d9cd2ada3.jpg?ver=1777503832","caption":"John"},"url":"https:\/\/estatutodelartista.com\/ca\/author\/john"}]}},"_links":{"self":[{"href":"https:\/\/estatutodelartista.com\/ca\/wp-json\/wp\/v2\/posts\/1026","targetHints":{"allow":["GET"]}}],"collection":[{"href":"https:\/\/estatutodelartista.com\/ca\/wp-json\/wp\/v2\/posts"}],"about":[{"href":"https:\/\/estatutodelartista.com\/ca\/wp-json\/wp\/v2\/types\/post"}],"author":[{"embeddable":true,"href":"https:\/\/estatutodelartista.com\/ca\/wp-json\/wp\/v2\/users\/2"}],"replies":[{"embeddable":true,"href":"https:\/\/estatutodelartista.com\/ca\/wp-json\/wp\/v2\/comments?post=1026"}],"version-history":[{"count":3,"href":"https:\/\/estatutodelartista.com\/ca\/wp-json\/wp\/v2\/posts\/1026\/revisions"}],"predecessor-version":[{"id":1663,"href":"https:\/\/estatutodelartista.com\/ca\/wp-json\/wp\/v2\/posts\/1026\/revisions\/1663"}],"wp:attachment":[{"href":"https:\/\/estatutodelartista.com\/ca\/wp-json\/wp\/v2\/media?parent=1026"}],"wp:term":[{"taxonomy":"category","embeddable":true,"href":"https:\/\/estatutodelartista.com\/ca\/wp-json\/wp\/v2\/categories?post=1026"},{"taxonomy":"post_tag","embeddable":true,"href":"https:\/\/estatutodelartista.com\/ca\/wp-json\/wp\/v2\/tags?post=1026"}],"curies":[{"name":"wp","href":"https:\/\/api.w.org\/{rel}","templated":true}]}}