{"id":1029,"date":"2024-03-17T15:00:57","date_gmt":"2024-03-17T15:00:57","guid":{"rendered":"https:\/\/estatutodelartista.com\/que-es-la-situacio-dinactivitat"},"modified":"2024-10-23T10:25:09","modified_gmt":"2024-10-23T10:25:09","slug":"que-es-la-situacio-dinactivitat","status":"publish","type":"post","link":"https:\/\/estatutodelartista.com\/ca\/que-es-la-situacio-dinactivitat","title":{"rendered":"Qu\u00e8 \u00e9s la situaci\u00f3 d&#8217;inactivitat"},"content":{"rendered":"\n<pre id=\"inactividad\" class=\"wp-block-code\"><code><\/code><\/pre>\n\n\n\n<p>\u00c9s una ficci\u00f3 jur\u00eddica que considera que l&#8217;artista que compleix certs requisits ha cotitzat durant tot l&#8217;any per a efectes de jubilaci\u00f3 i conting\u00e8ncies comunes, pagant una quota mensual de 134,17\u20ac el 2023.<\/p>\n\n\n\n<p><strong>Requisits.-<\/strong> Per complir els requisits, l&#8217;artista ha de demostrar almenys 20 dies en alta com a artista en els 12 mesos previs al mes de la sol\u00b7licitud, amb prestaci\u00f3 real de serveis per a una o diverses empreses. A m\u00e9s, les retribucions per aquests dies han de ser almenys el doble del Salari M\u00ednim Interprofessional vigent a la data de sol\u00b7licitud. Tamb\u00e9 ha d&#8217;estar al dia en el pagament dels per\u00edodes anteriors d&#8217;alta a la Seguretat Social a causa de la inactivitat.<\/p>\n\n\n\n<p><strong>Quan es pot demanar.-<\/strong> La sol\u00b7licitud es pot fer en qualsevol moment de l&#8217;any i tindr\u00e0 efecte a partir del primer dia del mes seg\u00fcent a la sol\u00b7licitud. Es pot sol\u00b7licitar al seg\u00fcent enlla\u00e7 <a href=\"https:\/\/portal.seg-social.gob.es\/wps\/portal\/importass\/importass\/solicitudes\/Inclusion-baja-Inactividad#:~:text=A%20aquellas%20personas%20que%20desarrollen%20actividades%20art%C3%ADsticas%20por,solicitar%20desde%20dicha%20situaci%C3%B3n%20su%20baja%20en%20inactividad.\">Sol\u00b7licituds (seg-social.gob.es)<\/a><\/p>\n\n\n\n<p><strong>Quan es pot donar de baixa.-<\/strong> En qualsevol moment, nom\u00e9s cal sol\u00b7licitar-ho.<\/p>\n\n\n\n<p>Durant el per\u00edode d&#8217;inactivitat, l&#8217;artista pot treballar com a empleat en activitats art\u00edstiques. A m\u00e9s, si hi ha dies cotitzats tant per la regularitzaci\u00f3 anual com per romandre en alta volunt\u00e0ria a la Seguretat Social durant els per\u00edodes d&#8217;inactivitat, es reemborsaran autom\u00e0ticament les quotes pagades per aquesta darrera situaci\u00f3.<\/p>\n\n\n\n<p><strong>Quines situacions protegeix\/qui ho ha de demanar.-<\/strong> Els artistes que vulguin augmentar el temps cotitzat per a la jubilaci\u00f3, aix\u00ed com les artistes embarassades que vulguin assegurar-se d&#8217;estar en una situaci\u00f3 assimilada a l&#8217;alta en el moment del part per poder rebre la prestaci\u00f3 per naixement de fill i cura de menor, poden optar per estar en situaci\u00f3 d&#8217;inactivitat i en alta assimilada en aquell moment. Si l\u00b4altre progenitor tamb\u00e9 \u00e9s artista, tamb\u00e9 pot estar en situaci\u00f3 d\u00b4inactivitat i en alta assimilada en el moment del naixement del fill per poder rebre la prestaci\u00f3.<\/p>\n\n\n\n<p><strong>D&#8217;on surt la quota a pagar.<\/strong> \u00c9s l&#8217;11,50% de la base de cotitzaci\u00f3 m\u00ednima del grup professional 7 (1.166,70 \u20ac)<\/p>\n\n\n\n<p><strong>Objectiu de la norma.-<\/strong> La finalitat daquesta norma \u00e9s promoure vides laborals m\u00e9s completes i prevenir situacions de discriminaci\u00f3 en l&#8217;acc\u00e9s a prestacions que requereixen estar d&#8217;alta en el moment del naixement o la sol\u00b7 licitud de la prestaci\u00f3. Aix\u00f2 permet als artistes, tant embarassades com aquells que vulguin augmentar el temps cotitzat, assegurar-ne l&#8217;acc\u00e9s a aquestes prestacions sense veure&#8217;s penalitzats per per\u00edodes d&#8217;inactivitat laboral.<\/p>\n\n\n\n<p><strong>On est\u00e0 regulat.-<\/strong> Al Reial Decret Llei 26\/2018, de 28 de desembre respecte a la situaci\u00f3 protegida i en l&#8217;ordre de cotitzaci\u00f3 per a 2023 quant a la quantia Ordre PCM\/74\/2023, de 30 de gener.<\/p>\n","protected":false},"excerpt":{"rendered":"<p>\u00c9s una ficci\u00f3 jur\u00eddica que considera que l&#8217;artista que compleix certs requisits ha cotitzat durant tot l&#8217;any per a efectes de jubilaci\u00f3 i conting\u00e8ncies comunes, pagant una quota mensual de 134,17\u20ac el 2023. Requisits.- Per complir els requisits, l&#8217;artista ha de demostrar almenys 20 dies en alta com a artista en els 12 mesos previs [&hellip;]<\/p>\n","protected":false},"author":2,"featured_media":0,"comment_status":"closed","ping_status":"closed","sticky":false,"template":"","format":"standard","meta":{"footnotes":""},"categories":[28],"tags":[],"class_list":["post-1029","post","type-post","status-publish","format-standard","hentry","category-assoliments"],"yoast_head":"<!-- This site is optimized with the Yoast SEO plugin v27.1.1 - https:\/\/yoast.com\/product\/yoast-seo-wordpress\/ -->\n<title>Qu\u00e8 \u00e9s la situaci\u00f3 d&#039;inactivitat - Estatuto del Artista - ConArte<\/title>\n<meta name=\"robots\" content=\"index, follow, max-snippet:-1, max-image-preview:large, max-video-preview:-1\" \/>\n<link rel=\"canonical\" href=\"https:\/\/estatutodelartista.com\/ca\/que-es-la-situacio-dinactivitat\" \/>\n<meta property=\"og:locale\" content=\"ca_ES\" \/>\n<meta property=\"og:type\" content=\"article\" \/>\n<meta property=\"og:title\" content=\"Qu\u00e8 \u00e9s la situaci\u00f3 d&#039;inactivitat - Estatuto del Artista - ConArte\" \/>\n<meta property=\"og:description\" content=\"\u00c9s una ficci\u00f3 jur\u00eddica que considera que l&#8217;artista que compleix certs requisits ha cotitzat durant tot l&#8217;any per a efectes de jubilaci\u00f3 i conting\u00e8ncies comunes, pagant una quota mensual de 134,17\u20ac el 2023. Requisits.- Per complir els requisits, l&#8217;artista ha de demostrar almenys 20 dies en alta com a artista en els 12 mesos previs [&hellip;]\" \/>\n<meta property=\"og:url\" content=\"https:\/\/estatutodelartista.com\/ca\/que-es-la-situacio-dinactivitat\" \/>\n<meta property=\"og:site_name\" content=\"Estatuto del Artista - ConArte\" \/>\n<meta property=\"article:publisher\" content=\"https:\/\/www.youtube.com\/channel\/UCkmRiNakmIVJ36IQkwouSGw\" \/>\n<meta property=\"article:published_time\" content=\"2024-03-17T15:00:57+00:00\" \/>\n<meta property=\"article:modified_time\" content=\"2024-10-23T10:25:09+00:00\" \/>\n<meta name=\"author\" content=\"John\" \/>\n<meta name=\"twitter:card\" content=\"summary_large_image\" \/>\n<meta name=\"twitter:label1\" content=\"Escrit per\" \/>\n\t<meta name=\"twitter:data1\" content=\"John\" \/>\n\t<meta name=\"twitter:label2\" content=\"Temps estimat de lectura\" \/>\n\t<meta name=\"twitter:data2\" content=\"2 minuts\" \/>\n<script type=\"application\/ld+json\" class=\"yoast-schema-graph\">{\"@context\":\"https:\/\/schema.org\",\"@graph\":[{\"@type\":\"Article\",\"@id\":\"https:\/\/estatutodelartista.com\/ca\/que-es-la-situacio-dinactivitat#article\",\"isPartOf\":{\"@id\":\"https:\/\/estatutodelartista.com\/ca\/que-es-la-situacio-dinactivitat\"},\"author\":{\"name\":\"John\",\"@id\":\"https:\/\/estatutodelartista.com\/ca#\/schema\/person\/6b3220ca521e5314484b7f3959dd208a\"},\"headline\":\"Qu\u00e8 \u00e9s la situaci\u00f3 d&#8217;inactivitat\",\"datePublished\":\"2024-03-17T15:00:57+00:00\",\"dateModified\":\"2024-10-23T10:25:09+00:00\",\"mainEntityOfPage\":{\"@id\":\"https:\/\/estatutodelartista.com\/ca\/que-es-la-situacio-dinactivitat\"},\"wordCount\":477,\"publisher\":{\"@id\":\"https:\/\/estatutodelartista.com\/ca#organization\"},\"articleSection\":[\"Assoliments\"],\"inLanguage\":\"ca\"},{\"@type\":\"WebPage\",\"@id\":\"https:\/\/estatutodelartista.com\/ca\/que-es-la-situacio-dinactivitat\",\"url\":\"https:\/\/estatutodelartista.com\/ca\/que-es-la-situacio-dinactivitat\",\"name\":\"Qu\u00e8 \u00e9s la situaci\u00f3 d'inactivitat - Estatuto del Artista - ConArte\",\"isPartOf\":{\"@id\":\"https:\/\/estatutodelartista.com\/ca#website\"},\"datePublished\":\"2024-03-17T15:00:57+00:00\",\"dateModified\":\"2024-10-23T10:25:09+00:00\",\"breadcrumb\":{\"@id\":\"https:\/\/estatutodelartista.com\/ca\/que-es-la-situacio-dinactivitat#breadcrumb\"},\"inLanguage\":\"ca\",\"potentialAction\":[{\"@type\":\"ReadAction\",\"target\":[\"https:\/\/estatutodelartista.com\/ca\/que-es-la-situacio-dinactivitat\"]}]},{\"@type\":\"BreadcrumbList\",\"@id\":\"https:\/\/estatutodelartista.com\/ca\/que-es-la-situacio-dinactivitat#breadcrumb\",\"itemListElement\":[{\"@type\":\"ListItem\",\"position\":1,\"name\":\"Portada\",\"item\":\"https:\/\/estatutodelartista.com\/ca\"},{\"@type\":\"ListItem\",\"position\":2,\"name\":\"Qu\u00e8 \u00e9s la situaci\u00f3 d&#8217;inactivitat\"}]},{\"@type\":\"WebSite\",\"@id\":\"https:\/\/estatutodelartista.com\/ca#website\",\"url\":\"https:\/\/estatutodelartista.com\/ca\",\"name\":\"Estatuto del Artista\",\"description\":\"La web dedicada al Estatuto del Artista - ConArte\",\"publisher\":{\"@id\":\"https:\/\/estatutodelartista.com\/ca#organization\"},\"potentialAction\":[{\"@type\":\"SearchAction\",\"target\":{\"@type\":\"EntryPoint\",\"urlTemplate\":\"https:\/\/estatutodelartista.com\/ca?s={search_term_string}\"},\"query-input\":{\"@type\":\"PropertyValueSpecification\",\"valueRequired\":true,\"valueName\":\"search_term_string\"}}],\"inLanguage\":\"ca\"},{\"@type\":\"Organization\",\"@id\":\"https:\/\/estatutodelartista.com\/ca#organization\",\"name\":\"Estatuto del Artista\",\"url\":\"https:\/\/estatutodelartista.com\/ca\",\"logo\":{\"@type\":\"ImageObject\",\"inLanguage\":\"ca\",\"@id\":\"https:\/\/estatutodelartista.com\/ca#\/schema\/logo\/image\/\",\"url\":\"https:\/\/estatutodelartista.com\/wp-content\/uploads\/2024\/03\/EDA-LOGO-rojo.svg\",\"contentUrl\":\"https:\/\/estatutodelartista.com\/wp-content\/uploads\/2024\/03\/EDA-LOGO-rojo.svg\",\"width\":300,\"height\":300,\"caption\":\"Estatuto del Artista\"},\"image\":{\"@id\":\"https:\/\/estatutodelartista.com\/ca#\/schema\/logo\/image\/\"},\"sameAs\":[\"https:\/\/www.youtube.com\/channel\/UCkmRiNakmIVJ36IQkwouSGw\",\"https:\/\/www.instagram.com\/conarte_artistas\/\"]},{\"@type\":\"Person\",\"@id\":\"https:\/\/estatutodelartista.com\/ca#\/schema\/person\/6b3220ca521e5314484b7f3959dd208a\",\"name\":\"John\",\"image\":{\"@type\":\"ImageObject\",\"inLanguage\":\"ca\",\"@id\":\"https:\/\/estatutodelartista.com\/ca#\/schema\/person\/image\/\",\"url\":\"https:\/\/estatutodelartista.com\/wp-content\/litespeed\/avatar\/7d43e434a148352262065e6d9cd2ada3.jpg?ver=1777503832\",\"contentUrl\":\"https:\/\/estatutodelartista.com\/wp-content\/litespeed\/avatar\/7d43e434a148352262065e6d9cd2ada3.jpg?ver=1777503832\",\"caption\":\"John\"},\"url\":\"https:\/\/estatutodelartista.com\/ca\/author\/john\"}]}<\/script>\n<!-- \/ Yoast SEO plugin. -->","yoast_head_json":{"title":"Qu\u00e8 \u00e9s la situaci\u00f3 d'inactivitat - Estatuto del Artista - ConArte","robots":{"index":"index","follow":"follow","max-snippet":"max-snippet:-1","max-image-preview":"max-image-preview:large","max-video-preview":"max-video-preview:-1"},"canonical":"https:\/\/estatutodelartista.com\/ca\/que-es-la-situacio-dinactivitat","og_locale":"ca_ES","og_type":"article","og_title":"Qu\u00e8 \u00e9s la situaci\u00f3 d'inactivitat - Estatuto del Artista - ConArte","og_description":"\u00c9s una ficci\u00f3 jur\u00eddica que considera que l&#8217;artista que compleix certs requisits ha cotitzat durant tot l&#8217;any per a efectes de jubilaci\u00f3 i conting\u00e8ncies comunes, pagant una quota mensual de 134,17\u20ac el 2023. Requisits.- Per complir els requisits, l&#8217;artista ha de demostrar almenys 20 dies en alta com a artista en els 12 mesos previs [&hellip;]","og_url":"https:\/\/estatutodelartista.com\/ca\/que-es-la-situacio-dinactivitat","og_site_name":"Estatuto del Artista - ConArte","article_publisher":"https:\/\/www.youtube.com\/channel\/UCkmRiNakmIVJ36IQkwouSGw","article_published_time":"2024-03-17T15:00:57+00:00","article_modified_time":"2024-10-23T10:25:09+00:00","author":"John","twitter_card":"summary_large_image","twitter_misc":{"Escrit per":"John","Temps estimat de lectura":"2 minuts"},"schema":{"@context":"https:\/\/schema.org","@graph":[{"@type":"Article","@id":"https:\/\/estatutodelartista.com\/ca\/que-es-la-situacio-dinactivitat#article","isPartOf":{"@id":"https:\/\/estatutodelartista.com\/ca\/que-es-la-situacio-dinactivitat"},"author":{"name":"John","@id":"https:\/\/estatutodelartista.com\/ca#\/schema\/person\/6b3220ca521e5314484b7f3959dd208a"},"headline":"Qu\u00e8 \u00e9s la situaci\u00f3 d&#8217;inactivitat","datePublished":"2024-03-17T15:00:57+00:00","dateModified":"2024-10-23T10:25:09+00:00","mainEntityOfPage":{"@id":"https:\/\/estatutodelartista.com\/ca\/que-es-la-situacio-dinactivitat"},"wordCount":477,"publisher":{"@id":"https:\/\/estatutodelartista.com\/ca#organization"},"articleSection":["Assoliments"],"inLanguage":"ca"},{"@type":"WebPage","@id":"https:\/\/estatutodelartista.com\/ca\/que-es-la-situacio-dinactivitat","url":"https:\/\/estatutodelartista.com\/ca\/que-es-la-situacio-dinactivitat","name":"Qu\u00e8 \u00e9s la situaci\u00f3 d'inactivitat - Estatuto del Artista - ConArte","isPartOf":{"@id":"https:\/\/estatutodelartista.com\/ca#website"},"datePublished":"2024-03-17T15:00:57+00:00","dateModified":"2024-10-23T10:25:09+00:00","breadcrumb":{"@id":"https:\/\/estatutodelartista.com\/ca\/que-es-la-situacio-dinactivitat#breadcrumb"},"inLanguage":"ca","potentialAction":[{"@type":"ReadAction","target":["https:\/\/estatutodelartista.com\/ca\/que-es-la-situacio-dinactivitat"]}]},{"@type":"BreadcrumbList","@id":"https:\/\/estatutodelartista.com\/ca\/que-es-la-situacio-dinactivitat#breadcrumb","itemListElement":[{"@type":"ListItem","position":1,"name":"Portada","item":"https:\/\/estatutodelartista.com\/ca"},{"@type":"ListItem","position":2,"name":"Qu\u00e8 \u00e9s la situaci\u00f3 d&#8217;inactivitat"}]},{"@type":"WebSite","@id":"https:\/\/estatutodelartista.com\/ca#website","url":"https:\/\/estatutodelartista.com\/ca","name":"Estatuto del Artista","description":"La web dedicada al Estatuto del Artista - ConArte","publisher":{"@id":"https:\/\/estatutodelartista.com\/ca#organization"},"potentialAction":[{"@type":"SearchAction","target":{"@type":"EntryPoint","urlTemplate":"https:\/\/estatutodelartista.com\/ca?s={search_term_string}"},"query-input":{"@type":"PropertyValueSpecification","valueRequired":true,"valueName":"search_term_string"}}],"inLanguage":"ca"},{"@type":"Organization","@id":"https:\/\/estatutodelartista.com\/ca#organization","name":"Estatuto del Artista","url":"https:\/\/estatutodelartista.com\/ca","logo":{"@type":"ImageObject","inLanguage":"ca","@id":"https:\/\/estatutodelartista.com\/ca#\/schema\/logo\/image\/","url":"https:\/\/estatutodelartista.com\/wp-content\/uploads\/2024\/03\/EDA-LOGO-rojo.svg","contentUrl":"https:\/\/estatutodelartista.com\/wp-content\/uploads\/2024\/03\/EDA-LOGO-rojo.svg","width":300,"height":300,"caption":"Estatuto del Artista"},"image":{"@id":"https:\/\/estatutodelartista.com\/ca#\/schema\/logo\/image\/"},"sameAs":["https:\/\/www.youtube.com\/channel\/UCkmRiNakmIVJ36IQkwouSGw","https:\/\/www.instagram.com\/conarte_artistas\/"]},{"@type":"Person","@id":"https:\/\/estatutodelartista.com\/ca#\/schema\/person\/6b3220ca521e5314484b7f3959dd208a","name":"John","image":{"@type":"ImageObject","inLanguage":"ca","@id":"https:\/\/estatutodelartista.com\/ca#\/schema\/person\/image\/","url":"https:\/\/estatutodelartista.com\/wp-content\/litespeed\/avatar\/7d43e434a148352262065e6d9cd2ada3.jpg?ver=1777503832","contentUrl":"https:\/\/estatutodelartista.com\/wp-content\/litespeed\/avatar\/7d43e434a148352262065e6d9cd2ada3.jpg?ver=1777503832","caption":"John"},"url":"https:\/\/estatutodelartista.com\/ca\/author\/john"}]}},"_links":{"self":[{"href":"https:\/\/estatutodelartista.com\/ca\/wp-json\/wp\/v2\/posts\/1029","targetHints":{"allow":["GET"]}}],"collection":[{"href":"https:\/\/estatutodelartista.com\/ca\/wp-json\/wp\/v2\/posts"}],"about":[{"href":"https:\/\/estatutodelartista.com\/ca\/wp-json\/wp\/v2\/types\/post"}],"author":[{"embeddable":true,"href":"https:\/\/estatutodelartista.com\/ca\/wp-json\/wp\/v2\/users\/2"}],"replies":[{"embeddable":true,"href":"https:\/\/estatutodelartista.com\/ca\/wp-json\/wp\/v2\/comments?post=1029"}],"version-history":[{"count":3,"href":"https:\/\/estatutodelartista.com\/ca\/wp-json\/wp\/v2\/posts\/1029\/revisions"}],"predecessor-version":[{"id":1659,"href":"https:\/\/estatutodelartista.com\/ca\/wp-json\/wp\/v2\/posts\/1029\/revisions\/1659"}],"wp:attachment":[{"href":"https:\/\/estatutodelartista.com\/ca\/wp-json\/wp\/v2\/media?parent=1029"}],"wp:term":[{"taxonomy":"category","embeddable":true,"href":"https:\/\/estatutodelartista.com\/ca\/wp-json\/wp\/v2\/categories?post=1029"},{"taxonomy":"post_tag","embeddable":true,"href":"https:\/\/estatutodelartista.com\/ca\/wp-json\/wp\/v2\/tags?post=1029"}],"curies":[{"name":"wp","href":"https:\/\/api.w.org\/{rel}","templated":true}]}}