{"id":1060,"date":"2024-03-17T15:48:17","date_gmt":"2024-03-17T15:48:17","guid":{"rendered":"https:\/\/estatutodelartista.com\/a-lambit-educacio"},"modified":"2024-10-23T10:19:56","modified_gmt":"2024-10-23T10:19:56","slug":"a-lambit-educacio","status":"publish","type":"post","link":"https:\/\/estatutodelartista.com\/ca\/a-lambit-educacio","title":{"rendered":"A l&#8217;\u00c0mbit Educaci\u00f3"},"content":{"rendered":"\n<pre id=\"educacion\" class=\"wp-block-code\"><code><\/code><\/pre>\n\n\n\n<p><strong>Llei d&#8217;Ensenyaments Art\u00edstics<\/strong><\/p>\n\n\n\n<p><strong>En tramitaci\u00f3 parlament\u00e0ria:<\/strong><\/p>\n\n\n\n<p>En data 16 de gener de 2024 el Consell de Ministres va aprovar el Projecte de Llei que regula els ensenyaments art\u00edstics superiors i professionals<\/p>\n\n\n\n<ul class=\"wp-block-list\">\n<li>Aprovat Projecte de Llei al Consell de Ministres <a href=\"https:\/\/www.lamoncloa.gob.es\/consejodeministros\/referencias\/Paginas\/2024\/referencia-consejo-ministros20240116.aspx#ense%C3%B1ar\" target=\"_blank\" rel=\"noreferrer noopener\">(16\/01\/2024)Enlla\u00e7 extern, s&#8217;obre en una finestra nova<\/a><\/li>\n<\/ul>\n\n\n\n<p><a href=\"https:\/\/educagob.educacionyfp.gob.es\/dam\/jcr:61b57385-fd2c-46e0-9382-a84bdc044640\/pl-ense-anzas-art-sticas.pdf\" target=\"_blank\" rel=\"noreferrer noopener\">Projecte de llei<\/a><\/p>\n\n\n\n<p>Projecte de Llei 121\/000153 per la qual es regulen els ensenyaments art\u00edstics superiors i s&#8217;estableix l&#8217;organitzaci\u00f3 i les equival\u00e8ncies dels ensenyaments art\u00edstics professionals.<\/p>\n\n\n\n<p><a href=\"https:\/\/www.congreso.es\/public_oficiales\/L14\/CONG\/BOCG\/A\/BOCG-14-A-153-1.PDF\" target=\"_blank\" rel=\"noreferrer noopener\">https:\/\/www.congreso.es\/public_oficiales\/L14\/CONG\/BOCG\/A\/BOCG-14-A-153-1.PDF<\/a><\/p>\n\n\n\n<ul class=\"wp-block-list\">\n<li><em>Tema adaptaci\u00f3 de l&#8217;oferta educativa per a la formaci\u00f3 professional per als t\u00e8cnics d&#8217;espectacles en viu pel que fa als t\u00e8cnics audiovisuals. Tenen dificultats, han arribat a un acord parcial d&#8217;una part de la proposta.<\/em><\/li>\n<\/ul>\n\n\n\n<p><a href=\"https:\/\/www.educacionyfp.gob.es\/prensa\/actualidad\/2024\/01\/20230116-leyartisticas.html\" target=\"_blank\" rel=\"noreferrer noopener\">https:\/\/www.educacionyfp.gob.es\/prensa\/actualidad\/2024\/01\/20230116-leyartisticas.html<\/a><\/p>\n","protected":false},"excerpt":{"rendered":"<p>Llei d&#8217;Ensenyaments Art\u00edstics En tramitaci\u00f3 parlament\u00e0ria: En data 16 de gener de 2024 el Consell de Ministres va aprovar el Projecte de Llei que regula els ensenyaments art\u00edstics superiors i professionals Projecte de llei Projecte de Llei 121\/000153 per la qual es regulen els ensenyaments art\u00edstics superiors i s&#8217;estableix l&#8217;organitzaci\u00f3 i les equival\u00e8ncies dels ensenyaments [&hellip;]<\/p>\n","protected":false},"author":2,"featured_media":0,"comment_status":"closed","ping_status":"closed","sticky":false,"template":"","format":"standard","meta":{"footnotes":""},"categories":[31],"tags":[],"class_list":["post-1060","post","type-post","status-publish","format-standard","hentry","category-drets-per-aconseguir"],"yoast_head":"<!-- This site is optimized with the Yoast SEO plugin v27.1.1 - https:\/\/yoast.com\/product\/yoast-seo-wordpress\/ -->\n<title>A l&#039;\u00c0mbit Educaci\u00f3 - Estatuto del Artista - ConArte<\/title>\n<meta name=\"robots\" content=\"index, follow, max-snippet:-1, max-image-preview:large, max-video-preview:-1\" \/>\n<link rel=\"canonical\" href=\"https:\/\/estatutodelartista.com\/ca\/a-lambit-educacio\" \/>\n<meta property=\"og:locale\" content=\"ca_ES\" \/>\n<meta property=\"og:type\" content=\"article\" \/>\n<meta property=\"og:title\" content=\"A l&#039;\u00c0mbit Educaci\u00f3 - Estatuto del Artista - ConArte\" \/>\n<meta property=\"og:description\" content=\"Llei d&#8217;Ensenyaments Art\u00edstics En tramitaci\u00f3 parlament\u00e0ria: En data 16 de gener de 2024 el Consell de Ministres va aprovar el Projecte de Llei que regula els ensenyaments art\u00edstics superiors i professionals Projecte de llei Projecte de Llei 121\/000153 per la qual es regulen els ensenyaments art\u00edstics superiors i s&#8217;estableix l&#8217;organitzaci\u00f3 i les equival\u00e8ncies dels ensenyaments [&hellip;]\" \/>\n<meta property=\"og:url\" content=\"https:\/\/estatutodelartista.com\/ca\/a-lambit-educacio\" \/>\n<meta property=\"og:site_name\" content=\"Estatuto del Artista - ConArte\" \/>\n<meta property=\"article:publisher\" content=\"https:\/\/www.youtube.com\/channel\/UCkmRiNakmIVJ36IQkwouSGw\" \/>\n<meta property=\"article:published_time\" content=\"2024-03-17T15:48:17+00:00\" \/>\n<meta property=\"article:modified_time\" content=\"2024-10-23T10:19:56+00:00\" \/>\n<meta name=\"author\" content=\"John\" \/>\n<meta name=\"twitter:card\" content=\"summary_large_image\" \/>\n<meta name=\"twitter:label1\" content=\"Escrit per\" \/>\n\t<meta name=\"twitter:data1\" content=\"John\" \/>\n\t<meta name=\"twitter:label2\" content=\"Temps estimat de lectura\" \/>\n\t<meta name=\"twitter:data2\" content=\"1 minut\" \/>\n<script type=\"application\/ld+json\" class=\"yoast-schema-graph\">{\"@context\":\"https:\/\/schema.org\",\"@graph\":[{\"@type\":\"Article\",\"@id\":\"https:\/\/estatutodelartista.com\/ca\/a-lambit-educacio#article\",\"isPartOf\":{\"@id\":\"https:\/\/estatutodelartista.com\/ca\/a-lambit-educacio\"},\"author\":{\"name\":\"John\",\"@id\":\"https:\/\/estatutodelartista.com\/ca#\/schema\/person\/6b3220ca521e5314484b7f3959dd208a\"},\"headline\":\"A l&#8217;\u00c0mbit Educaci\u00f3\",\"datePublished\":\"2024-03-17T15:48:17+00:00\",\"dateModified\":\"2024-10-23T10:19:56+00:00\",\"mainEntityOfPage\":{\"@id\":\"https:\/\/estatutodelartista.com\/ca\/a-lambit-educacio\"},\"wordCount\":146,\"publisher\":{\"@id\":\"https:\/\/estatutodelartista.com\/ca#organization\"},\"articleSection\":[\"Drets per aconseguir\"],\"inLanguage\":\"ca\"},{\"@type\":\"WebPage\",\"@id\":\"https:\/\/estatutodelartista.com\/ca\/a-lambit-educacio\",\"url\":\"https:\/\/estatutodelartista.com\/ca\/a-lambit-educacio\",\"name\":\"A l'\u00c0mbit Educaci\u00f3 - Estatuto del Artista - ConArte\",\"isPartOf\":{\"@id\":\"https:\/\/estatutodelartista.com\/ca#website\"},\"datePublished\":\"2024-03-17T15:48:17+00:00\",\"dateModified\":\"2024-10-23T10:19:56+00:00\",\"breadcrumb\":{\"@id\":\"https:\/\/estatutodelartista.com\/ca\/a-lambit-educacio#breadcrumb\"},\"inLanguage\":\"ca\",\"potentialAction\":[{\"@type\":\"ReadAction\",\"target\":[\"https:\/\/estatutodelartista.com\/ca\/a-lambit-educacio\"]}]},{\"@type\":\"BreadcrumbList\",\"@id\":\"https:\/\/estatutodelartista.com\/ca\/a-lambit-educacio#breadcrumb\",\"itemListElement\":[{\"@type\":\"ListItem\",\"position\":1,\"name\":\"Portada\",\"item\":\"https:\/\/estatutodelartista.com\/ca\"},{\"@type\":\"ListItem\",\"position\":2,\"name\":\"A l&#8217;\u00c0mbit Educaci\u00f3\"}]},{\"@type\":\"WebSite\",\"@id\":\"https:\/\/estatutodelartista.com\/ca#website\",\"url\":\"https:\/\/estatutodelartista.com\/ca\",\"name\":\"Estatuto del Artista\",\"description\":\"La web dedicada al Estatuto del Artista - ConArte\",\"publisher\":{\"@id\":\"https:\/\/estatutodelartista.com\/ca#organization\"},\"potentialAction\":[{\"@type\":\"SearchAction\",\"target\":{\"@type\":\"EntryPoint\",\"urlTemplate\":\"https:\/\/estatutodelartista.com\/ca?s={search_term_string}\"},\"query-input\":{\"@type\":\"PropertyValueSpecification\",\"valueRequired\":true,\"valueName\":\"search_term_string\"}}],\"inLanguage\":\"ca\"},{\"@type\":\"Organization\",\"@id\":\"https:\/\/estatutodelartista.com\/ca#organization\",\"name\":\"Estatuto del Artista\",\"url\":\"https:\/\/estatutodelartista.com\/ca\",\"logo\":{\"@type\":\"ImageObject\",\"inLanguage\":\"ca\",\"@id\":\"https:\/\/estatutodelartista.com\/ca#\/schema\/logo\/image\/\",\"url\":\"https:\/\/estatutodelartista.com\/wp-content\/uploads\/2024\/03\/EDA-LOGO-rojo.svg\",\"contentUrl\":\"https:\/\/estatutodelartista.com\/wp-content\/uploads\/2024\/03\/EDA-LOGO-rojo.svg\",\"width\":300,\"height\":300,\"caption\":\"Estatuto del Artista\"},\"image\":{\"@id\":\"https:\/\/estatutodelartista.com\/ca#\/schema\/logo\/image\/\"},\"sameAs\":[\"https:\/\/www.youtube.com\/channel\/UCkmRiNakmIVJ36IQkwouSGw\",\"https:\/\/www.instagram.com\/conarte_artistas\/\"]},{\"@type\":\"Person\",\"@id\":\"https:\/\/estatutodelartista.com\/ca#\/schema\/person\/6b3220ca521e5314484b7f3959dd208a\",\"name\":\"John\",\"image\":{\"@type\":\"ImageObject\",\"inLanguage\":\"ca\",\"@id\":\"https:\/\/estatutodelartista.com\/ca#\/schema\/person\/image\/\",\"url\":\"https:\/\/estatutodelartista.com\/wp-content\/litespeed\/avatar\/7d43e434a148352262065e6d9cd2ada3.jpg?ver=1776898364\",\"contentUrl\":\"https:\/\/estatutodelartista.com\/wp-content\/litespeed\/avatar\/7d43e434a148352262065e6d9cd2ada3.jpg?ver=1776898364\",\"caption\":\"John\"},\"url\":\"https:\/\/estatutodelartista.com\/ca\/author\/john\"}]}<\/script>\n<!-- \/ Yoast SEO plugin. -->","yoast_head_json":{"title":"A l'\u00c0mbit Educaci\u00f3 - Estatuto del Artista - ConArte","robots":{"index":"index","follow":"follow","max-snippet":"max-snippet:-1","max-image-preview":"max-image-preview:large","max-video-preview":"max-video-preview:-1"},"canonical":"https:\/\/estatutodelartista.com\/ca\/a-lambit-educacio","og_locale":"ca_ES","og_type":"article","og_title":"A l'\u00c0mbit Educaci\u00f3 - Estatuto del Artista - ConArte","og_description":"Llei d&#8217;Ensenyaments Art\u00edstics En tramitaci\u00f3 parlament\u00e0ria: En data 16 de gener de 2024 el Consell de Ministres va aprovar el Projecte de Llei que regula els ensenyaments art\u00edstics superiors i professionals Projecte de llei Projecte de Llei 121\/000153 per la qual es regulen els ensenyaments art\u00edstics superiors i s&#8217;estableix l&#8217;organitzaci\u00f3 i les equival\u00e8ncies dels ensenyaments [&hellip;]","og_url":"https:\/\/estatutodelartista.com\/ca\/a-lambit-educacio","og_site_name":"Estatuto del Artista - ConArte","article_publisher":"https:\/\/www.youtube.com\/channel\/UCkmRiNakmIVJ36IQkwouSGw","article_published_time":"2024-03-17T15:48:17+00:00","article_modified_time":"2024-10-23T10:19:56+00:00","author":"John","twitter_card":"summary_large_image","twitter_misc":{"Escrit per":"John","Temps estimat de lectura":"1 minut"},"schema":{"@context":"https:\/\/schema.org","@graph":[{"@type":"Article","@id":"https:\/\/estatutodelartista.com\/ca\/a-lambit-educacio#article","isPartOf":{"@id":"https:\/\/estatutodelartista.com\/ca\/a-lambit-educacio"},"author":{"name":"John","@id":"https:\/\/estatutodelartista.com\/ca#\/schema\/person\/6b3220ca521e5314484b7f3959dd208a"},"headline":"A l&#8217;\u00c0mbit Educaci\u00f3","datePublished":"2024-03-17T15:48:17+00:00","dateModified":"2024-10-23T10:19:56+00:00","mainEntityOfPage":{"@id":"https:\/\/estatutodelartista.com\/ca\/a-lambit-educacio"},"wordCount":146,"publisher":{"@id":"https:\/\/estatutodelartista.com\/ca#organization"},"articleSection":["Drets per aconseguir"],"inLanguage":"ca"},{"@type":"WebPage","@id":"https:\/\/estatutodelartista.com\/ca\/a-lambit-educacio","url":"https:\/\/estatutodelartista.com\/ca\/a-lambit-educacio","name":"A l'\u00c0mbit Educaci\u00f3 - Estatuto del Artista - ConArte","isPartOf":{"@id":"https:\/\/estatutodelartista.com\/ca#website"},"datePublished":"2024-03-17T15:48:17+00:00","dateModified":"2024-10-23T10:19:56+00:00","breadcrumb":{"@id":"https:\/\/estatutodelartista.com\/ca\/a-lambit-educacio#breadcrumb"},"inLanguage":"ca","potentialAction":[{"@type":"ReadAction","target":["https:\/\/estatutodelartista.com\/ca\/a-lambit-educacio"]}]},{"@type":"BreadcrumbList","@id":"https:\/\/estatutodelartista.com\/ca\/a-lambit-educacio#breadcrumb","itemListElement":[{"@type":"ListItem","position":1,"name":"Portada","item":"https:\/\/estatutodelartista.com\/ca"},{"@type":"ListItem","position":2,"name":"A l&#8217;\u00c0mbit Educaci\u00f3"}]},{"@type":"WebSite","@id":"https:\/\/estatutodelartista.com\/ca#website","url":"https:\/\/estatutodelartista.com\/ca","name":"Estatuto del Artista","description":"La web dedicada al Estatuto del Artista - ConArte","publisher":{"@id":"https:\/\/estatutodelartista.com\/ca#organization"},"potentialAction":[{"@type":"SearchAction","target":{"@type":"EntryPoint","urlTemplate":"https:\/\/estatutodelartista.com\/ca?s={search_term_string}"},"query-input":{"@type":"PropertyValueSpecification","valueRequired":true,"valueName":"search_term_string"}}],"inLanguage":"ca"},{"@type":"Organization","@id":"https:\/\/estatutodelartista.com\/ca#organization","name":"Estatuto del Artista","url":"https:\/\/estatutodelartista.com\/ca","logo":{"@type":"ImageObject","inLanguage":"ca","@id":"https:\/\/estatutodelartista.com\/ca#\/schema\/logo\/image\/","url":"https:\/\/estatutodelartista.com\/wp-content\/uploads\/2024\/03\/EDA-LOGO-rojo.svg","contentUrl":"https:\/\/estatutodelartista.com\/wp-content\/uploads\/2024\/03\/EDA-LOGO-rojo.svg","width":300,"height":300,"caption":"Estatuto del Artista"},"image":{"@id":"https:\/\/estatutodelartista.com\/ca#\/schema\/logo\/image\/"},"sameAs":["https:\/\/www.youtube.com\/channel\/UCkmRiNakmIVJ36IQkwouSGw","https:\/\/www.instagram.com\/conarte_artistas\/"]},{"@type":"Person","@id":"https:\/\/estatutodelartista.com\/ca#\/schema\/person\/6b3220ca521e5314484b7f3959dd208a","name":"John","image":{"@type":"ImageObject","inLanguage":"ca","@id":"https:\/\/estatutodelartista.com\/ca#\/schema\/person\/image\/","url":"https:\/\/estatutodelartista.com\/wp-content\/litespeed\/avatar\/7d43e434a148352262065e6d9cd2ada3.jpg?ver=1776898364","contentUrl":"https:\/\/estatutodelartista.com\/wp-content\/litespeed\/avatar\/7d43e434a148352262065e6d9cd2ada3.jpg?ver=1776898364","caption":"John"},"url":"https:\/\/estatutodelartista.com\/ca\/author\/john"}]}},"_links":{"self":[{"href":"https:\/\/estatutodelartista.com\/ca\/wp-json\/wp\/v2\/posts\/1060","targetHints":{"allow":["GET"]}}],"collection":[{"href":"https:\/\/estatutodelartista.com\/ca\/wp-json\/wp\/v2\/posts"}],"about":[{"href":"https:\/\/estatutodelartista.com\/ca\/wp-json\/wp\/v2\/types\/post"}],"author":[{"embeddable":true,"href":"https:\/\/estatutodelartista.com\/ca\/wp-json\/wp\/v2\/users\/2"}],"replies":[{"embeddable":true,"href":"https:\/\/estatutodelartista.com\/ca\/wp-json\/wp\/v2\/comments?post=1060"}],"version-history":[{"count":3,"href":"https:\/\/estatutodelartista.com\/ca\/wp-json\/wp\/v2\/posts\/1060\/revisions"}],"predecessor-version":[{"id":1657,"href":"https:\/\/estatutodelartista.com\/ca\/wp-json\/wp\/v2\/posts\/1060\/revisions\/1657"}],"wp:attachment":[{"href":"https:\/\/estatutodelartista.com\/ca\/wp-json\/wp\/v2\/media?parent=1060"}],"wp:term":[{"taxonomy":"category","embeddable":true,"href":"https:\/\/estatutodelartista.com\/ca\/wp-json\/wp\/v2\/categories?post=1060"},{"taxonomy":"post_tag","embeddable":true,"href":"https:\/\/estatutodelartista.com\/ca\/wp-json\/wp\/v2\/tags?post=1060"}],"curies":[{"name":"wp","href":"https:\/\/api.w.org\/{rel}","templated":true}]}}