{"id":1074,"date":"2024-03-17T13:02:16","date_gmt":"2024-03-17T13:02:16","guid":{"rendered":"https:\/\/estatutodelartista.com\/que-es-la-prestacio-dintermitencia-dartistes"},"modified":"2024-10-23T10:29:39","modified_gmt":"2024-10-23T10:29:39","slug":"que-es-la-prestacio-dintermitencia-dartistes","status":"publish","type":"post","link":"https:\/\/estatutodelartista.com\/ca\/que-es-la-prestacio-dintermitencia-dartistes","title":{"rendered":"Qu\u00e8 \u00e9s la Prestaci\u00f3 d&#8217;Intermit\u00e8ncia d&#8217;Artistes?"},"content":{"rendered":"\n<pre id=\"intermitencia\" class=\"wp-block-code\"><code><\/code><\/pre>\n\n\n\n<p>\u00c9s una forma especial de prestaci\u00f3 per desocupaci\u00f3 que ofereix requisits d&#8217;acc\u00e9s m\u00e9s flexibles que la prestaci\u00f3 est\u00e0ndard, encara que la suma que es rep \u00e9s menor que la que s&#8217;obtindria amb la prestaci\u00f3 ordin\u00e0ria, basada en els ingressos regulars.<\/p>\n\n\n\n<p><strong>Qui la pot demanar-<\/strong> Les persones que treballen en les arts esc\u00e8niques, audiovisuals i musicals, aix\u00ed com en les activitats t\u00e8cniques i auxiliars necess\u00e0ries per a aquestes activitats, estan subjectes a una relaci\u00f3 laboral especial.<\/p>\n\n\n\n<p><strong>Requisits generals d&#8217;acc\u00e9s.<\/strong> Per optar per aquesta prestaci\u00f3 especial, la persona ha d&#8217;estar legalment aturada, \u00e9s a dir, els seus \u00faltims contractes no han d&#8217;haver finalitzat per voluntat pr\u00f2pia. A m\u00e9s, ha d&#8217;haver transcorregut almenys un any des que va acabar la darrera prestaci\u00f3 per desocupaci\u00f3. Heu de demostrar la vostra disponibilitat per cercar activament feina i acceptar ofertes adequades en subscriure l&#8217;acord d&#8217;activitat en la sol\u00b7licitud de la prestaci\u00f3 especial. Tamb\u00e9, no ha d&#8217;haver assolit l&#8217;edat ordin\u00e0ria per rebre la pensi\u00f3 contributiva de jubilaci\u00f3 i ha d&#8217;estar inscrita com a demandant d&#8217;ocupaci\u00f3 al servei p\u00fablic corresponent.<\/p>\n\n\n\n<p><strong>Requisits espec\u00edfics d&#8217;acc\u00e9s.-<\/strong> Per qualificar, la persona ha de tenir 60 dies d&#8217;alta a la Seguretat Social amb prestaci\u00f3 de serveis en activitats art\u00edstiques dins dels 18 mesos anteriors a la sol\u00b7licitud de la prestaci\u00f3. Alternativament, pot tenir 180 dies d&#8217;alta a la Seguretat Social amb prestaci\u00f3 de serveis en activitats art\u00edstiques o a trav\u00e9s de regularitzacions anuals realitzades en els darrers sis anys abans de la data de desocupaci\u00f3 legal.<\/p>\n\n\n\n<p>Tamb\u00e9 es consideren v\u00e0lids els per\u00edodes en qu\u00e8 la persona va deixar de cotitzar, sempre que no hagin estat comptabilitzats per obtenir algun dret previ.<\/p>\n\n\n\n<p><strong>Efectes.-<\/strong> Per a futures sol\u00b7licituds, totes les cotitzacions, incloent-hi les regularitzacions, es consideraran utilitzades fins a la data en qu\u00e8 se sol\u00b7licita la desocupaci\u00f3. Aix\u00f2 significa que el comptador es reinicia i cal acumular noves cotitzacions per a futures sol\u00b7licituds.<\/p>\n\n\n\n<p><strong>Durada.-<\/strong> La durada de la prestaci\u00f3 especial ser\u00e0 de 120 dies.  <\/p>\n\n\n\n<p><strong>Quantia.-  <\/strong>La quantitat de la prestaci\u00f3 especial ser\u00e0 el 80% de l&#8217;indicador p\u00fablic de renda d&#8217;efectes m\u00faltiples (IPREM) mensual actual. No obstant aix\u00f2, si la mitjana di\u00e0ria de les bases de cotitzaci\u00f3 dels darrers seixanta dies de treball en activitats art\u00edstiques \u00e9s superior a 60 euros, aleshores la prestaci\u00f3 ser\u00e0 del 100% de l&#8217;IPREM.*.<\/p>\n\n\n\n<p>* IPREM 2023.- 600 \u20ac<\/p>\n\n\n\n<p><strong>Altres q\u00fcestions.-<\/strong> La prestaci\u00f3 pot ser interrompuda i despr\u00e9s represa si s&#8217;aconsegueixen treballs per compte d&#8217;altri. S&#8217;acaba quan es compleix el termini establert, quan es comen\u00e7a a rebre una prestaci\u00f3 contributiva o renda m\u00ednima d&#8217;inserci\u00f3. Tot i aix\u00f2, no d\u00f3na acc\u00e9s a la Renda M\u00ednima d&#8217;Inserci\u00f3 ni als subsidis per esgotament de prestaci\u00f3.<\/p>\n\n\n\n<p><strong>On es regula.-<\/strong> El Reial decret llei 1\/2023, de 10 de gener, introdueix una nova disposici\u00f3 addicional cinquantena primera en el text ref\u00f3s de la Llei General de la Seguretat Social, aprovat pel Reial Decret Legislatiu 8\/2015, de 30 doctubre.<\/p>\n","protected":false},"excerpt":{"rendered":"<p>\u00c9s una forma especial de prestaci\u00f3 per desocupaci\u00f3 que ofereix requisits d&#8217;acc\u00e9s m\u00e9s flexibles que la prestaci\u00f3 est\u00e0ndard, encara que la suma que es rep \u00e9s menor que la que s&#8217;obtindria amb la prestaci\u00f3 ordin\u00e0ria, basada en els ingressos regulars. Qui la pot demanar- Les persones que treballen en les arts esc\u00e8niques, audiovisuals i musicals, [&hellip;]<\/p>\n","protected":false},"author":2,"featured_media":0,"comment_status":"closed","ping_status":"closed","sticky":false,"template":"","format":"standard","meta":{"footnotes":""},"categories":[28],"tags":[],"class_list":["post-1074","post","type-post","status-publish","format-standard","hentry","category-assoliments"],"yoast_head":"<!-- This site is optimized with the Yoast SEO plugin v27.1.1 - https:\/\/yoast.com\/product\/yoast-seo-wordpress\/ -->\n<title>Qu\u00e8 \u00e9s la Prestaci\u00f3 d&#039;Intermit\u00e8ncia d&#039;Artistes? - Estatuto del Artista - ConArte<\/title>\n<meta name=\"robots\" content=\"index, follow, max-snippet:-1, max-image-preview:large, max-video-preview:-1\" \/>\n<link rel=\"canonical\" href=\"https:\/\/estatutodelartista.com\/ca\/que-es-la-prestacio-dintermitencia-dartistes\" \/>\n<meta property=\"og:locale\" content=\"ca_ES\" \/>\n<meta property=\"og:type\" content=\"article\" \/>\n<meta property=\"og:title\" content=\"Qu\u00e8 \u00e9s la Prestaci\u00f3 d&#039;Intermit\u00e8ncia d&#039;Artistes? - Estatuto del Artista - ConArte\" \/>\n<meta property=\"og:description\" content=\"\u00c9s una forma especial de prestaci\u00f3 per desocupaci\u00f3 que ofereix requisits d&#8217;acc\u00e9s m\u00e9s flexibles que la prestaci\u00f3 est\u00e0ndard, encara que la suma que es rep \u00e9s menor que la que s&#8217;obtindria amb la prestaci\u00f3 ordin\u00e0ria, basada en els ingressos regulars. Qui la pot demanar- Les persones que treballen en les arts esc\u00e8niques, audiovisuals i musicals, [&hellip;]\" \/>\n<meta property=\"og:url\" content=\"https:\/\/estatutodelartista.com\/ca\/que-es-la-prestacio-dintermitencia-dartistes\" \/>\n<meta property=\"og:site_name\" content=\"Estatuto del Artista - ConArte\" \/>\n<meta property=\"article:publisher\" content=\"https:\/\/www.youtube.com\/channel\/UCkmRiNakmIVJ36IQkwouSGw\" \/>\n<meta property=\"article:published_time\" content=\"2024-03-17T13:02:16+00:00\" \/>\n<meta property=\"article:modified_time\" content=\"2024-10-23T10:29:39+00:00\" \/>\n<meta name=\"author\" content=\"John\" \/>\n<meta name=\"twitter:card\" content=\"summary_large_image\" \/>\n<meta name=\"twitter:label1\" content=\"Escrit per\" \/>\n\t<meta name=\"twitter:data1\" content=\"John\" \/>\n\t<meta name=\"twitter:label2\" content=\"Temps estimat de lectura\" \/>\n\t<meta name=\"twitter:data2\" content=\"3 minuts\" \/>\n<script type=\"application\/ld+json\" class=\"yoast-schema-graph\">{\"@context\":\"https:\/\/schema.org\",\"@graph\":[{\"@type\":\"Article\",\"@id\":\"https:\/\/estatutodelartista.com\/ca\/que-es-la-prestacio-dintermitencia-dartistes#article\",\"isPartOf\":{\"@id\":\"https:\/\/estatutodelartista.com\/ca\/que-es-la-prestacio-dintermitencia-dartistes\"},\"author\":{\"name\":\"John\",\"@id\":\"https:\/\/estatutodelartista.com\/ca#\/schema\/person\/6b3220ca521e5314484b7f3959dd208a\"},\"headline\":\"Qu\u00e8 \u00e9s la Prestaci\u00f3 d&#8217;Intermit\u00e8ncia d&#8217;Artistes?\",\"datePublished\":\"2024-03-17T13:02:16+00:00\",\"dateModified\":\"2024-10-23T10:29:39+00:00\",\"mainEntityOfPage\":{\"@id\":\"https:\/\/estatutodelartista.com\/ca\/que-es-la-prestacio-dintermitencia-dartistes\"},\"wordCount\":531,\"publisher\":{\"@id\":\"https:\/\/estatutodelartista.com\/ca#organization\"},\"articleSection\":[\"Assoliments\"],\"inLanguage\":\"ca\"},{\"@type\":\"WebPage\",\"@id\":\"https:\/\/estatutodelartista.com\/ca\/que-es-la-prestacio-dintermitencia-dartistes\",\"url\":\"https:\/\/estatutodelartista.com\/ca\/que-es-la-prestacio-dintermitencia-dartistes\",\"name\":\"Qu\u00e8 \u00e9s la Prestaci\u00f3 d'Intermit\u00e8ncia d'Artistes? - Estatuto del Artista - ConArte\",\"isPartOf\":{\"@id\":\"https:\/\/estatutodelartista.com\/ca#website\"},\"datePublished\":\"2024-03-17T13:02:16+00:00\",\"dateModified\":\"2024-10-23T10:29:39+00:00\",\"breadcrumb\":{\"@id\":\"https:\/\/estatutodelartista.com\/ca\/que-es-la-prestacio-dintermitencia-dartistes#breadcrumb\"},\"inLanguage\":\"ca\",\"potentialAction\":[{\"@type\":\"ReadAction\",\"target\":[\"https:\/\/estatutodelartista.com\/ca\/que-es-la-prestacio-dintermitencia-dartistes\"]}]},{\"@type\":\"BreadcrumbList\",\"@id\":\"https:\/\/estatutodelartista.com\/ca\/que-es-la-prestacio-dintermitencia-dartistes#breadcrumb\",\"itemListElement\":[{\"@type\":\"ListItem\",\"position\":1,\"name\":\"Portada\",\"item\":\"https:\/\/estatutodelartista.com\/ca\"},{\"@type\":\"ListItem\",\"position\":2,\"name\":\"Qu\u00e8 \u00e9s la Prestaci\u00f3 d&#8217;Intermit\u00e8ncia d&#8217;Artistes?\"}]},{\"@type\":\"WebSite\",\"@id\":\"https:\/\/estatutodelartista.com\/ca#website\",\"url\":\"https:\/\/estatutodelartista.com\/ca\",\"name\":\"Estatuto del Artista\",\"description\":\"La web dedicada al Estatuto del Artista - ConArte\",\"publisher\":{\"@id\":\"https:\/\/estatutodelartista.com\/ca#organization\"},\"potentialAction\":[{\"@type\":\"SearchAction\",\"target\":{\"@type\":\"EntryPoint\",\"urlTemplate\":\"https:\/\/estatutodelartista.com\/ca?s={search_term_string}\"},\"query-input\":{\"@type\":\"PropertyValueSpecification\",\"valueRequired\":true,\"valueName\":\"search_term_string\"}}],\"inLanguage\":\"ca\"},{\"@type\":\"Organization\",\"@id\":\"https:\/\/estatutodelartista.com\/ca#organization\",\"name\":\"Estatuto del Artista\",\"url\":\"https:\/\/estatutodelartista.com\/ca\",\"logo\":{\"@type\":\"ImageObject\",\"inLanguage\":\"ca\",\"@id\":\"https:\/\/estatutodelartista.com\/ca#\/schema\/logo\/image\/\",\"url\":\"https:\/\/estatutodelartista.com\/wp-content\/uploads\/2024\/03\/EDA-LOGO-rojo.svg\",\"contentUrl\":\"https:\/\/estatutodelartista.com\/wp-content\/uploads\/2024\/03\/EDA-LOGO-rojo.svg\",\"width\":300,\"height\":300,\"caption\":\"Estatuto del Artista\"},\"image\":{\"@id\":\"https:\/\/estatutodelartista.com\/ca#\/schema\/logo\/image\/\"},\"sameAs\":[\"https:\/\/www.youtube.com\/channel\/UCkmRiNakmIVJ36IQkwouSGw\",\"https:\/\/www.instagram.com\/conarte_artistas\/\"]},{\"@type\":\"Person\",\"@id\":\"https:\/\/estatutodelartista.com\/ca#\/schema\/person\/6b3220ca521e5314484b7f3959dd208a\",\"name\":\"John\",\"image\":{\"@type\":\"ImageObject\",\"inLanguage\":\"ca\",\"@id\":\"https:\/\/estatutodelartista.com\/ca#\/schema\/person\/image\/\",\"url\":\"https:\/\/estatutodelartista.com\/wp-content\/litespeed\/avatar\/7d43e434a148352262065e6d9cd2ada3.jpg?ver=1777503832\",\"contentUrl\":\"https:\/\/estatutodelartista.com\/wp-content\/litespeed\/avatar\/7d43e434a148352262065e6d9cd2ada3.jpg?ver=1777503832\",\"caption\":\"John\"},\"url\":\"https:\/\/estatutodelartista.com\/ca\/author\/john\"}]}<\/script>\n<!-- \/ Yoast SEO plugin. -->","yoast_head_json":{"title":"Qu\u00e8 \u00e9s la Prestaci\u00f3 d'Intermit\u00e8ncia d'Artistes? - Estatuto del Artista - ConArte","robots":{"index":"index","follow":"follow","max-snippet":"max-snippet:-1","max-image-preview":"max-image-preview:large","max-video-preview":"max-video-preview:-1"},"canonical":"https:\/\/estatutodelartista.com\/ca\/que-es-la-prestacio-dintermitencia-dartistes","og_locale":"ca_ES","og_type":"article","og_title":"Qu\u00e8 \u00e9s la Prestaci\u00f3 d'Intermit\u00e8ncia d'Artistes? - Estatuto del Artista - ConArte","og_description":"\u00c9s una forma especial de prestaci\u00f3 per desocupaci\u00f3 que ofereix requisits d&#8217;acc\u00e9s m\u00e9s flexibles que la prestaci\u00f3 est\u00e0ndard, encara que la suma que es rep \u00e9s menor que la que s&#8217;obtindria amb la prestaci\u00f3 ordin\u00e0ria, basada en els ingressos regulars. Qui la pot demanar- Les persones que treballen en les arts esc\u00e8niques, audiovisuals i musicals, [&hellip;]","og_url":"https:\/\/estatutodelartista.com\/ca\/que-es-la-prestacio-dintermitencia-dartistes","og_site_name":"Estatuto del Artista - ConArte","article_publisher":"https:\/\/www.youtube.com\/channel\/UCkmRiNakmIVJ36IQkwouSGw","article_published_time":"2024-03-17T13:02:16+00:00","article_modified_time":"2024-10-23T10:29:39+00:00","author":"John","twitter_card":"summary_large_image","twitter_misc":{"Escrit per":"John","Temps estimat de lectura":"3 minuts"},"schema":{"@context":"https:\/\/schema.org","@graph":[{"@type":"Article","@id":"https:\/\/estatutodelartista.com\/ca\/que-es-la-prestacio-dintermitencia-dartistes#article","isPartOf":{"@id":"https:\/\/estatutodelartista.com\/ca\/que-es-la-prestacio-dintermitencia-dartistes"},"author":{"name":"John","@id":"https:\/\/estatutodelartista.com\/ca#\/schema\/person\/6b3220ca521e5314484b7f3959dd208a"},"headline":"Qu\u00e8 \u00e9s la Prestaci\u00f3 d&#8217;Intermit\u00e8ncia d&#8217;Artistes?","datePublished":"2024-03-17T13:02:16+00:00","dateModified":"2024-10-23T10:29:39+00:00","mainEntityOfPage":{"@id":"https:\/\/estatutodelartista.com\/ca\/que-es-la-prestacio-dintermitencia-dartistes"},"wordCount":531,"publisher":{"@id":"https:\/\/estatutodelartista.com\/ca#organization"},"articleSection":["Assoliments"],"inLanguage":"ca"},{"@type":"WebPage","@id":"https:\/\/estatutodelartista.com\/ca\/que-es-la-prestacio-dintermitencia-dartistes","url":"https:\/\/estatutodelartista.com\/ca\/que-es-la-prestacio-dintermitencia-dartistes","name":"Qu\u00e8 \u00e9s la Prestaci\u00f3 d'Intermit\u00e8ncia d'Artistes? - Estatuto del Artista - ConArte","isPartOf":{"@id":"https:\/\/estatutodelartista.com\/ca#website"},"datePublished":"2024-03-17T13:02:16+00:00","dateModified":"2024-10-23T10:29:39+00:00","breadcrumb":{"@id":"https:\/\/estatutodelartista.com\/ca\/que-es-la-prestacio-dintermitencia-dartistes#breadcrumb"},"inLanguage":"ca","potentialAction":[{"@type":"ReadAction","target":["https:\/\/estatutodelartista.com\/ca\/que-es-la-prestacio-dintermitencia-dartistes"]}]},{"@type":"BreadcrumbList","@id":"https:\/\/estatutodelartista.com\/ca\/que-es-la-prestacio-dintermitencia-dartistes#breadcrumb","itemListElement":[{"@type":"ListItem","position":1,"name":"Portada","item":"https:\/\/estatutodelartista.com\/ca"},{"@type":"ListItem","position":2,"name":"Qu\u00e8 \u00e9s la Prestaci\u00f3 d&#8217;Intermit\u00e8ncia d&#8217;Artistes?"}]},{"@type":"WebSite","@id":"https:\/\/estatutodelartista.com\/ca#website","url":"https:\/\/estatutodelartista.com\/ca","name":"Estatuto del Artista","description":"La web dedicada al Estatuto del Artista - ConArte","publisher":{"@id":"https:\/\/estatutodelartista.com\/ca#organization"},"potentialAction":[{"@type":"SearchAction","target":{"@type":"EntryPoint","urlTemplate":"https:\/\/estatutodelartista.com\/ca?s={search_term_string}"},"query-input":{"@type":"PropertyValueSpecification","valueRequired":true,"valueName":"search_term_string"}}],"inLanguage":"ca"},{"@type":"Organization","@id":"https:\/\/estatutodelartista.com\/ca#organization","name":"Estatuto del Artista","url":"https:\/\/estatutodelartista.com\/ca","logo":{"@type":"ImageObject","inLanguage":"ca","@id":"https:\/\/estatutodelartista.com\/ca#\/schema\/logo\/image\/","url":"https:\/\/estatutodelartista.com\/wp-content\/uploads\/2024\/03\/EDA-LOGO-rojo.svg","contentUrl":"https:\/\/estatutodelartista.com\/wp-content\/uploads\/2024\/03\/EDA-LOGO-rojo.svg","width":300,"height":300,"caption":"Estatuto del Artista"},"image":{"@id":"https:\/\/estatutodelartista.com\/ca#\/schema\/logo\/image\/"},"sameAs":["https:\/\/www.youtube.com\/channel\/UCkmRiNakmIVJ36IQkwouSGw","https:\/\/www.instagram.com\/conarte_artistas\/"]},{"@type":"Person","@id":"https:\/\/estatutodelartista.com\/ca#\/schema\/person\/6b3220ca521e5314484b7f3959dd208a","name":"John","image":{"@type":"ImageObject","inLanguage":"ca","@id":"https:\/\/estatutodelartista.com\/ca#\/schema\/person\/image\/","url":"https:\/\/estatutodelartista.com\/wp-content\/litespeed\/avatar\/7d43e434a148352262065e6d9cd2ada3.jpg?ver=1777503832","contentUrl":"https:\/\/estatutodelartista.com\/wp-content\/litespeed\/avatar\/7d43e434a148352262065e6d9cd2ada3.jpg?ver=1777503832","caption":"John"},"url":"https:\/\/estatutodelartista.com\/ca\/author\/john"}]}},"_links":{"self":[{"href":"https:\/\/estatutodelartista.com\/ca\/wp-json\/wp\/v2\/posts\/1074","targetHints":{"allow":["GET"]}}],"collection":[{"href":"https:\/\/estatutodelartista.com\/ca\/wp-json\/wp\/v2\/posts"}],"about":[{"href":"https:\/\/estatutodelartista.com\/ca\/wp-json\/wp\/v2\/types\/post"}],"author":[{"embeddable":true,"href":"https:\/\/estatutodelartista.com\/ca\/wp-json\/wp\/v2\/users\/2"}],"replies":[{"embeddable":true,"href":"https:\/\/estatutodelartista.com\/ca\/wp-json\/wp\/v2\/comments?post=1074"}],"version-history":[{"count":3,"href":"https:\/\/estatutodelartista.com\/ca\/wp-json\/wp\/v2\/posts\/1074\/revisions"}],"predecessor-version":[{"id":1661,"href":"https:\/\/estatutodelartista.com\/ca\/wp-json\/wp\/v2\/posts\/1074\/revisions\/1661"}],"wp:attachment":[{"href":"https:\/\/estatutodelartista.com\/ca\/wp-json\/wp\/v2\/media?parent=1074"}],"wp:term":[{"taxonomy":"category","embeddable":true,"href":"https:\/\/estatutodelartista.com\/ca\/wp-json\/wp\/v2\/categories?post=1074"},{"taxonomy":"post_tag","embeddable":true,"href":"https:\/\/estatutodelartista.com\/ca\/wp-json\/wp\/v2\/tags?post=1074"}],"curies":[{"name":"wp","href":"https:\/\/api.w.org\/{rel}","templated":true}]}}