{"id":1109,"date":"2024-03-17T15:53:29","date_gmt":"2024-03-17T15:53:29","guid":{"rendered":"https:\/\/estatutodelartista.com\/a-lambit-laboral"},"modified":"2024-10-22T11:05:32","modified_gmt":"2024-10-22T11:05:32","slug":"a-lambit-laboral","status":"publish","type":"post","link":"https:\/\/estatutodelartista.com\/ca\/a-lambit-laboral","title":{"rendered":"A l&#8217;\u00c0mbit Laboral"},"content":{"rendered":"\n<pre id=\"laboral\" class=\"wp-block-code\"><code><\/code><\/pre>\n\n\n\n<p>1- Necessitat de treballar amb el Ministeri de Treball, per aconseguir noves reunions i <strong>Reactivar la Reforma integral del RD 1435\/1985, r\u00e8gim especial Artistes.<\/strong><\/p>\n\n\n\n<p>2.- <strong>Reconeixement dels sindicats del sector com a sindicats representatius<\/strong>.<\/p>\n\n\n\n<p>Propostes\/recomanacions 33, 34 i 35 de l&#8217;informe de la subcomissi\u00f3 per a l&#8217;elaboraci\u00f3 d&#8217;un Estatut de l&#8217;Artista.<\/p>\n\n\n\n<p>La legitimaci\u00f3 sindical en la forma com es troba regulada tant per l&#8217;Estatut dels Treballadors com per la Llei Org\u00e0nica de Llibertat Sindical (LOLS) fa impossible que sindicats professionals amb gran implantaci\u00f3 al sector puguin tenir la condici\u00f3 de m\u00e9s representatius i, en conseq\u00fc\u00e8ncia, legitimaci\u00f3 per negociar convenis col\u00b7lectius, depenent sempre dels sindicats majoritaris a nivell estatal per participar en la negociaci\u00f3 col\u00b7lectiva.<\/p>\n\n\n\n<p>En mat\u00e8ria de representativitat sindical i de promoci\u00f3 de la capacitat d&#8217;interlocuci\u00f3 de les Associacions del Sector, cal tenir en compte que l&#8217;\u00fanica via per a l&#8217;obtenci\u00f3 de condici\u00f3 de sindicat representatiu \u00e9s la dels resultats de les eleccions a comit\u00e8s d&#8217;empresa, per\u00f2 en un sector on els contractes s\u00f3n de curta durada, dif\u00edcilment es pot complir el requisit de sis mesos d&#8217;antiguitat a l&#8217;empresa per presentar-se a les eleccions. A m\u00e9s, <strong>la legislaci\u00f3 exigeix \u200b\u200bantiguitat d&#8217;un mes per poder ser elector i participar en les eleccions (article 69.2 de l&#8217;Estatut dels Treballadors).<\/strong><\/p>\n\n\n\n<p><strong>Semblava que aquest problema s&#8217;havia superat<\/strong> <strong>o<\/strong>, ja que el recent \u201c<em>RDL7\/2023, de 19 de desembre, pel qual s&#8217;adopten mesures urgents, per completar la transposici\u00f3 de la Directiva (UE) 2019\/1158, del Parlament Europeu i del Consell, de 20 de juny de 2019, relativa a la conciliaci\u00f3 de la vida familiar i la vida professional dels progenitors i els cuidadors, i per la qual es deroga la Directiva 2010\/18\/UE del Consell, i per a la simplificaci\u00f3 i millora del nivell assistencial de la protecci\u00f3 per desocupaci\u00f3<\/em>\u201d, havia introdu\u00eft una nova DA 28a a l&#8217;ET, consistent a preveure especialitats en la condici\u00f3 d&#8217;elector i elegible per a les eleccions a \u00f2rgans de representaci\u00f3 en l&#8217;\u00e0mbit de les persones artistes que desenvolupen la seva activitat en les arts esc\u00e8niques, audiovisuals i musicals, aix\u00ed com de les persones que realitzen activitats t\u00e8cniques o auxiliars necess\u00e0ries per al desenvolupament de la dita activitat. Aquestes especialitats consistien a: <strong>rebaixar a 20 dies d&#8217;antiguitat,<\/strong> abans eren 6 mesos, el requisit per poder presentar una candidatura a eleccions sindicals.<\/p>\n\n\n\n<p>Realment aquesta era una de les nostres reivindicacions, i suposava un aven\u00e7, encara que parcial.  <\/p>\n\n\n\n<p>No obstant aix\u00f2, aquesta especialitat <strong>HA ESTAT DEROGADA<\/strong> per <strong>Resoluci\u00f3 de 10 de gener de 2024<\/strong> , que publica l&#8217;Acord del Congr\u00e9s dels Diputats pel qual es deroga el Reial decret llei 7\/2023, de 19 de desembre.  <a href=\"https:\/\/www.boe.es\/buscar\/doc.php?id=BOE-A-2024-664\" target=\"_blank\" rel=\"noreferrer noopener\">Ref. BOE-A-2024-664<\/a>.<\/p>\n\n\n\n<p><a href=\"https:\/\/www.boe.es\/buscar\/act.php?id=BOE-A-2015-11430\" target=\"_blank\" rel=\"noreferrer noopener\">https:\/\/www.boe.es\/buscar\/act.php?id=BOE-A-2015-11430<\/a> (vid Disposici\u00f3 Addicional 28).<\/p>\n\n\n\n<p>\u00c9s a dir, caldr\u00e0 continuar lluitant per aconseguir el reconeixement dels sindicats del sector com a sindicats representatius.<\/p>\n\n\n\n<p><strong>3.- Regulaci\u00f3 Unificada del Treball dels menors dedat.<\/strong><\/p>\n\n\n\n<p>A la proposta 44 de l&#8217;Informe de la Subcomissi\u00f3 per a l&#8217;Elaboraci\u00f3 d&#8217;un Estatut de l&#8217;Artista, es recomanava modificar el RD 1435\/1985 en inter\u00e8s de les persones menors de 16 anys.  <\/p>\n\n\n\n<p>Aquesta regulaci\u00f3 \u00e9s urgent a causa del car\u00e0cter excepcional, encara que creixent al sector, de la participaci\u00f3 de nens, nenes i adolescents en espectacles p\u00fablics. Aquests menors, segons l&#8217;art. 6.4 de l&#8217;Estatut dels Treballadors, al qual es remet l&#8217;article 9.2 de la LETA, no reuneixen els requisits del treballador per compte propi i, en conseq\u00fc\u00e8ncia, nom\u00e9s han de poder treballar per compte d&#8217;altri, amb les autoritzacions, controls i requisits degudes.<\/p>\n\n\n\n<p>Es fa necess\u00e0ria la inclusi\u00f3 al <strong>RD 1435\/1985 d&#8217;una regulaci\u00f3 m\u00ednima del treball dels menors a l&#8217;\u00e0mbit art\u00edstic.<\/strong><\/p>\n\n\n\n<p>El treball de menors de 16 anys excepcionalment est\u00e0 perm\u00e8s en l&#8217;\u00e0mbit art\u00edstic, per aix\u00f2 \u00e9s important <strong>regular-lo de manera clara i unificada<\/strong> perqu\u00e8 no es generin abusos i inseguretat jur\u00eddica.<\/p>\n\n\n\n<p>Entenem que l&#8217;Estatut de l&#8217;Artista ha de modificar el RD 1435\/1985 que, com a norma espec\u00edfica del sector, reguli amb car\u00e0cter general, exclusiu i uniforme tota la mat\u00e8ria relativa a la contractaci\u00f3 de menors. En els darrers anys, s&#8217;ha pogut apreciar que hi ha una greu falta de protecci\u00f3 d&#8217;aquests menors per la manca de responsabilitat d&#8217;alguns dels seus progenitors, i fins i tot en el cas de discrep\u00e0ncies, que determinen abusos no nom\u00e9s durant la realitzaci\u00f3 de la seva activitat laboral que est\u00e0 sotmesa a l&#8217;autoritzaci\u00f3 de l&#8217;Autoritat Laboral, sin\u00f3 m\u00e9s clarament amb l&#8217;ab\u00fas en la participaci\u00f3 dels menors en processos de selecci\u00f3 sense cap control. \u00c9s evident que en aquest darrer cas hauria de ser l&#8217;exercici de responsabilitat paternal qui limitar\u00e0 aquestes situacions, per\u00f2 entenem que ha de ser regulat m\u00ednimament, en benefici del desenvolupament personal i psicol\u00f2gic del menor.<\/p>\n\n\n\n<p>Pel que fa a la prestaci\u00f3 laboral dels menors, ens trobem que la transfer\u00e8ncia de les compet\u00e8ncies en mat\u00e8ria d&#8217;autoritzaci\u00f3 del treball dels menors a les comunitats aut\u00f2nomes determina la disparitat de les condicions i els tr\u00e0mits per a l&#8217;autoritzaci\u00f3 del treball dels menors en funci\u00f3 de la comunitat aut\u00f2noma on es trobin.<\/p>\n\n\n\n<p>4.- <strong>Transici\u00f3 professional<\/strong><\/p>\n\n\n\n<p>A la proposta 58 de l&#8217;Informe de la Subcomissi\u00f3 per a l&#8217;Elaboraci\u00f3 d&#8217;un Estatut de l&#8217;Artista es preveu l&#8217;establiment de  <strong>mecanismes de Transici\u00f3 Professional adequats i personalitzats<\/strong>, com els que hi ha a pa\u00efsos del nostre entorn, amb unes taxes d&#8217;\u00e8xit superiors al 85%, que permetin als artistes que per unes raons o altres es veuen obligats a deixar els escenaris desenvolupar una nova carrera professional. Una nova carrera amb qu\u00e8 poder assolir jubilacions dignes i no caure en risc d&#8217;exclusi\u00f3 social. Els sectors art\u00edstics s\u00f3n de vida professional curta. La possibilitat que hi hagi una transici\u00f3 que, d&#8217;acord amb les peculiaritats dels diferents sectors, allargui la vida professional dels artistes, adaptant-la a noves formes d&#8217;expressi\u00f3 i de treball, \u00e9s fonamental.  <\/p>\n\n\n\n<p>Aquesta mesura est\u00e0 estretament lligada al SEPE (servei p\u00fablic d&#8217;ocupaci\u00f3 estatal), per la qual cosa s&#8217;intentar\u00e0 fer reunions conjuntes.<\/p>\n\n\n\n<p>En aquest sentit, la proposta \u00e9s potenciar les possibilitats d&#8217;ocupabilitat i mobilitat d&#8217;aquests artistes amb mesures de suport psicol\u00f2gic, assessoria laboral i suport a la formaci\u00f3. Tenint en compte les particularitats lligades a l&#8217;edat, la necess\u00e0ria adequaci\u00f3 de les pol\u00edtiques educatives i pol\u00edtiques actives d&#8217;ocupaci\u00f3 a les especificitats del nostre col\u00b7lectiu, i la necess\u00e0ria inclusi\u00f3 dels perfils professionals dels artistes esc\u00e8nics al Cat\u00e0leg Nacional de Qualificacions Professionals (<em>projecte de Llei d&#8217;Ensenyaments Art\u00edstics)<\/em><\/p>\n\n\n\n<p><a href=\"https:\/\/educagob.educacionyfp.gob.es\/dam\/jcr:61b57385-fd2c-46e0-9382-a84bdc044640\/pl-ense-anzas-art-sticas.pdf.\" target=\"_blank\" rel=\"noreferrer noopener\">https:\/\/educagob.educacionyfp.gob.es\/dam\/jcr:61b57385-fd2c-46e0-9382-a84bdc044640\/pl-ense-anzas-art-sticas.pdf.<\/a><\/p>\n\n\n\n<p>Tot aix\u00f2 per tal que els professionals daquest col\u00b7lectiu puguin accedir a processos davaluaci\u00f3 i reconeixement de compet\u00e8ncies, com passa amb la resta de les professions.<\/p>\n","protected":false},"excerpt":{"rendered":"<p>1- Necessitat de treballar amb el Ministeri de Treball, per aconseguir noves reunions i Reactivar la Reforma integral del RD 1435\/1985, r\u00e8gim especial Artistes. 2.- Reconeixement dels sindicats del sector com a sindicats representatius. Propostes\/recomanacions 33, 34 i 35 de l&#8217;informe de la subcomissi\u00f3 per a l&#8217;elaboraci\u00f3 d&#8217;un Estatut de l&#8217;Artista. La legitimaci\u00f3 sindical en [&hellip;]<\/p>\n","protected":false},"author":2,"featured_media":0,"comment_status":"closed","ping_status":"closed","sticky":false,"template":"","format":"standard","meta":{"footnotes":""},"categories":[31],"tags":[],"class_list":["post-1109","post","type-post","status-publish","format-standard","hentry","category-drets-per-aconseguir"],"yoast_head":"<!-- This site is optimized with the Yoast SEO plugin v27.1.1 - https:\/\/yoast.com\/product\/yoast-seo-wordpress\/ -->\n<title>A l&#039;\u00c0mbit Laboral - Estatuto del Artista - ConArte<\/title>\n<meta name=\"robots\" content=\"index, follow, max-snippet:-1, max-image-preview:large, max-video-preview:-1\" \/>\n<link rel=\"canonical\" href=\"https:\/\/estatutodelartista.com\/ca\/a-lambit-laboral\" \/>\n<meta property=\"og:locale\" content=\"ca_ES\" \/>\n<meta property=\"og:type\" content=\"article\" \/>\n<meta property=\"og:title\" content=\"A l&#039;\u00c0mbit Laboral - Estatuto del Artista - ConArte\" \/>\n<meta property=\"og:description\" content=\"1- Necessitat de treballar amb el Ministeri de Treball, per aconseguir noves reunions i Reactivar la Reforma integral del RD 1435\/1985, r\u00e8gim especial Artistes. 2.- Reconeixement dels sindicats del sector com a sindicats representatius. Propostes\/recomanacions 33, 34 i 35 de l&#8217;informe de la subcomissi\u00f3 per a l&#8217;elaboraci\u00f3 d&#8217;un Estatut de l&#8217;Artista. La legitimaci\u00f3 sindical en [&hellip;]\" \/>\n<meta property=\"og:url\" content=\"https:\/\/estatutodelartista.com\/ca\/a-lambit-laboral\" \/>\n<meta property=\"og:site_name\" content=\"Estatuto del Artista - ConArte\" \/>\n<meta property=\"article:publisher\" content=\"https:\/\/www.youtube.com\/channel\/UCkmRiNakmIVJ36IQkwouSGw\" \/>\n<meta property=\"article:published_time\" content=\"2024-03-17T15:53:29+00:00\" \/>\n<meta property=\"article:modified_time\" content=\"2024-10-22T11:05:32+00:00\" \/>\n<meta name=\"author\" content=\"John\" \/>\n<meta name=\"twitter:card\" content=\"summary_large_image\" \/>\n<meta name=\"twitter:label1\" content=\"Escrit per\" \/>\n\t<meta name=\"twitter:data1\" content=\"John\" \/>\n\t<meta name=\"twitter:label2\" content=\"Temps estimat de lectura\" \/>\n\t<meta name=\"twitter:data2\" content=\"5 minuts\" \/>\n<script type=\"application\/ld+json\" class=\"yoast-schema-graph\">{\"@context\":\"https:\/\/schema.org\",\"@graph\":[{\"@type\":\"Article\",\"@id\":\"https:\/\/estatutodelartista.com\/ca\/a-lambit-laboral#article\",\"isPartOf\":{\"@id\":\"https:\/\/estatutodelartista.com\/ca\/a-lambit-laboral\"},\"author\":{\"name\":\"John\",\"@id\":\"https:\/\/estatutodelartista.com\/ca#\/schema\/person\/6b3220ca521e5314484b7f3959dd208a\"},\"headline\":\"A l&#8217;\u00c0mbit Laboral\",\"datePublished\":\"2024-03-17T15:53:29+00:00\",\"dateModified\":\"2024-10-22T11:05:32+00:00\",\"mainEntityOfPage\":{\"@id\":\"https:\/\/estatutodelartista.com\/ca\/a-lambit-laboral\"},\"wordCount\":1168,\"publisher\":{\"@id\":\"https:\/\/estatutodelartista.com\/ca#organization\"},\"articleSection\":[\"Drets per aconseguir\"],\"inLanguage\":\"ca\"},{\"@type\":\"WebPage\",\"@id\":\"https:\/\/estatutodelartista.com\/ca\/a-lambit-laboral\",\"url\":\"https:\/\/estatutodelartista.com\/ca\/a-lambit-laboral\",\"name\":\"A l'\u00c0mbit Laboral - Estatuto del Artista - ConArte\",\"isPartOf\":{\"@id\":\"https:\/\/estatutodelartista.com\/ca#website\"},\"datePublished\":\"2024-03-17T15:53:29+00:00\",\"dateModified\":\"2024-10-22T11:05:32+00:00\",\"breadcrumb\":{\"@id\":\"https:\/\/estatutodelartista.com\/ca\/a-lambit-laboral#breadcrumb\"},\"inLanguage\":\"ca\",\"potentialAction\":[{\"@type\":\"ReadAction\",\"target\":[\"https:\/\/estatutodelartista.com\/ca\/a-lambit-laboral\"]}]},{\"@type\":\"BreadcrumbList\",\"@id\":\"https:\/\/estatutodelartista.com\/ca\/a-lambit-laboral#breadcrumb\",\"itemListElement\":[{\"@type\":\"ListItem\",\"position\":1,\"name\":\"Portada\",\"item\":\"https:\/\/estatutodelartista.com\/ca\"},{\"@type\":\"ListItem\",\"position\":2,\"name\":\"A l&#8217;\u00c0mbit Laboral\"}]},{\"@type\":\"WebSite\",\"@id\":\"https:\/\/estatutodelartista.com\/ca#website\",\"url\":\"https:\/\/estatutodelartista.com\/ca\",\"name\":\"Estatuto del Artista\",\"description\":\"La web dedicada al Estatuto del Artista - ConArte\",\"publisher\":{\"@id\":\"https:\/\/estatutodelartista.com\/ca#organization\"},\"potentialAction\":[{\"@type\":\"SearchAction\",\"target\":{\"@type\":\"EntryPoint\",\"urlTemplate\":\"https:\/\/estatutodelartista.com\/ca?s={search_term_string}\"},\"query-input\":{\"@type\":\"PropertyValueSpecification\",\"valueRequired\":true,\"valueName\":\"search_term_string\"}}],\"inLanguage\":\"ca\"},{\"@type\":\"Organization\",\"@id\":\"https:\/\/estatutodelartista.com\/ca#organization\",\"name\":\"Estatuto del Artista\",\"url\":\"https:\/\/estatutodelartista.com\/ca\",\"logo\":{\"@type\":\"ImageObject\",\"inLanguage\":\"ca\",\"@id\":\"https:\/\/estatutodelartista.com\/ca#\/schema\/logo\/image\/\",\"url\":\"https:\/\/estatutodelartista.com\/wp-content\/uploads\/2024\/03\/EDA-LOGO-rojo.svg\",\"contentUrl\":\"https:\/\/estatutodelartista.com\/wp-content\/uploads\/2024\/03\/EDA-LOGO-rojo.svg\",\"width\":300,\"height\":300,\"caption\":\"Estatuto del Artista\"},\"image\":{\"@id\":\"https:\/\/estatutodelartista.com\/ca#\/schema\/logo\/image\/\"},\"sameAs\":[\"https:\/\/www.youtube.com\/channel\/UCkmRiNakmIVJ36IQkwouSGw\",\"https:\/\/www.instagram.com\/conarte_artistas\/\"]},{\"@type\":\"Person\",\"@id\":\"https:\/\/estatutodelartista.com\/ca#\/schema\/person\/6b3220ca521e5314484b7f3959dd208a\",\"name\":\"John\",\"image\":{\"@type\":\"ImageObject\",\"inLanguage\":\"ca\",\"@id\":\"https:\/\/estatutodelartista.com\/ca#\/schema\/person\/image\/\",\"url\":\"https:\/\/estatutodelartista.com\/wp-content\/litespeed\/avatar\/7d43e434a148352262065e6d9cd2ada3.jpg?ver=1776898364\",\"contentUrl\":\"https:\/\/estatutodelartista.com\/wp-content\/litespeed\/avatar\/7d43e434a148352262065e6d9cd2ada3.jpg?ver=1776898364\",\"caption\":\"John\"},\"url\":\"https:\/\/estatutodelartista.com\/ca\/author\/john\"}]}<\/script>\n<!-- \/ Yoast SEO plugin. -->","yoast_head_json":{"title":"A l'\u00c0mbit Laboral - Estatuto del Artista - ConArte","robots":{"index":"index","follow":"follow","max-snippet":"max-snippet:-1","max-image-preview":"max-image-preview:large","max-video-preview":"max-video-preview:-1"},"canonical":"https:\/\/estatutodelartista.com\/ca\/a-lambit-laboral","og_locale":"ca_ES","og_type":"article","og_title":"A l'\u00c0mbit Laboral - Estatuto del Artista - ConArte","og_description":"1- Necessitat de treballar amb el Ministeri de Treball, per aconseguir noves reunions i Reactivar la Reforma integral del RD 1435\/1985, r\u00e8gim especial Artistes. 2.- Reconeixement dels sindicats del sector com a sindicats representatius. Propostes\/recomanacions 33, 34 i 35 de l&#8217;informe de la subcomissi\u00f3 per a l&#8217;elaboraci\u00f3 d&#8217;un Estatut de l&#8217;Artista. La legitimaci\u00f3 sindical en [&hellip;]","og_url":"https:\/\/estatutodelartista.com\/ca\/a-lambit-laboral","og_site_name":"Estatuto del Artista - ConArte","article_publisher":"https:\/\/www.youtube.com\/channel\/UCkmRiNakmIVJ36IQkwouSGw","article_published_time":"2024-03-17T15:53:29+00:00","article_modified_time":"2024-10-22T11:05:32+00:00","author":"John","twitter_card":"summary_large_image","twitter_misc":{"Escrit per":"John","Temps estimat de lectura":"5 minuts"},"schema":{"@context":"https:\/\/schema.org","@graph":[{"@type":"Article","@id":"https:\/\/estatutodelartista.com\/ca\/a-lambit-laboral#article","isPartOf":{"@id":"https:\/\/estatutodelartista.com\/ca\/a-lambit-laboral"},"author":{"name":"John","@id":"https:\/\/estatutodelartista.com\/ca#\/schema\/person\/6b3220ca521e5314484b7f3959dd208a"},"headline":"A l&#8217;\u00c0mbit Laboral","datePublished":"2024-03-17T15:53:29+00:00","dateModified":"2024-10-22T11:05:32+00:00","mainEntityOfPage":{"@id":"https:\/\/estatutodelartista.com\/ca\/a-lambit-laboral"},"wordCount":1168,"publisher":{"@id":"https:\/\/estatutodelartista.com\/ca#organization"},"articleSection":["Drets per aconseguir"],"inLanguage":"ca"},{"@type":"WebPage","@id":"https:\/\/estatutodelartista.com\/ca\/a-lambit-laboral","url":"https:\/\/estatutodelartista.com\/ca\/a-lambit-laboral","name":"A l'\u00c0mbit Laboral - Estatuto del Artista - ConArte","isPartOf":{"@id":"https:\/\/estatutodelartista.com\/ca#website"},"datePublished":"2024-03-17T15:53:29+00:00","dateModified":"2024-10-22T11:05:32+00:00","breadcrumb":{"@id":"https:\/\/estatutodelartista.com\/ca\/a-lambit-laboral#breadcrumb"},"inLanguage":"ca","potentialAction":[{"@type":"ReadAction","target":["https:\/\/estatutodelartista.com\/ca\/a-lambit-laboral"]}]},{"@type":"BreadcrumbList","@id":"https:\/\/estatutodelartista.com\/ca\/a-lambit-laboral#breadcrumb","itemListElement":[{"@type":"ListItem","position":1,"name":"Portada","item":"https:\/\/estatutodelartista.com\/ca"},{"@type":"ListItem","position":2,"name":"A l&#8217;\u00c0mbit Laboral"}]},{"@type":"WebSite","@id":"https:\/\/estatutodelartista.com\/ca#website","url":"https:\/\/estatutodelartista.com\/ca","name":"Estatuto del Artista","description":"La web dedicada al Estatuto del Artista - ConArte","publisher":{"@id":"https:\/\/estatutodelartista.com\/ca#organization"},"potentialAction":[{"@type":"SearchAction","target":{"@type":"EntryPoint","urlTemplate":"https:\/\/estatutodelartista.com\/ca?s={search_term_string}"},"query-input":{"@type":"PropertyValueSpecification","valueRequired":true,"valueName":"search_term_string"}}],"inLanguage":"ca"},{"@type":"Organization","@id":"https:\/\/estatutodelartista.com\/ca#organization","name":"Estatuto del Artista","url":"https:\/\/estatutodelartista.com\/ca","logo":{"@type":"ImageObject","inLanguage":"ca","@id":"https:\/\/estatutodelartista.com\/ca#\/schema\/logo\/image\/","url":"https:\/\/estatutodelartista.com\/wp-content\/uploads\/2024\/03\/EDA-LOGO-rojo.svg","contentUrl":"https:\/\/estatutodelartista.com\/wp-content\/uploads\/2024\/03\/EDA-LOGO-rojo.svg","width":300,"height":300,"caption":"Estatuto del Artista"},"image":{"@id":"https:\/\/estatutodelartista.com\/ca#\/schema\/logo\/image\/"},"sameAs":["https:\/\/www.youtube.com\/channel\/UCkmRiNakmIVJ36IQkwouSGw","https:\/\/www.instagram.com\/conarte_artistas\/"]},{"@type":"Person","@id":"https:\/\/estatutodelartista.com\/ca#\/schema\/person\/6b3220ca521e5314484b7f3959dd208a","name":"John","image":{"@type":"ImageObject","inLanguage":"ca","@id":"https:\/\/estatutodelartista.com\/ca#\/schema\/person\/image\/","url":"https:\/\/estatutodelartista.com\/wp-content\/litespeed\/avatar\/7d43e434a148352262065e6d9cd2ada3.jpg?ver=1776898364","contentUrl":"https:\/\/estatutodelartista.com\/wp-content\/litespeed\/avatar\/7d43e434a148352262065e6d9cd2ada3.jpg?ver=1776898364","caption":"John"},"url":"https:\/\/estatutodelartista.com\/ca\/author\/john"}]}},"_links":{"self":[{"href":"https:\/\/estatutodelartista.com\/ca\/wp-json\/wp\/v2\/posts\/1109","targetHints":{"allow":["GET"]}}],"collection":[{"href":"https:\/\/estatutodelartista.com\/ca\/wp-json\/wp\/v2\/posts"}],"about":[{"href":"https:\/\/estatutodelartista.com\/ca\/wp-json\/wp\/v2\/types\/post"}],"author":[{"embeddable":true,"href":"https:\/\/estatutodelartista.com\/ca\/wp-json\/wp\/v2\/users\/2"}],"replies":[{"embeddable":true,"href":"https:\/\/estatutodelartista.com\/ca\/wp-json\/wp\/v2\/comments?post=1109"}],"version-history":[{"count":4,"href":"https:\/\/estatutodelartista.com\/ca\/wp-json\/wp\/v2\/posts\/1109\/revisions"}],"predecessor-version":[{"id":1651,"href":"https:\/\/estatutodelartista.com\/ca\/wp-json\/wp\/v2\/posts\/1109\/revisions\/1651"}],"wp:attachment":[{"href":"https:\/\/estatutodelartista.com\/ca\/wp-json\/wp\/v2\/media?parent=1109"}],"wp:term":[{"taxonomy":"category","embeddable":true,"href":"https:\/\/estatutodelartista.com\/ca\/wp-json\/wp\/v2\/categories?post=1109"},{"taxonomy":"post_tag","embeddable":true,"href":"https:\/\/estatutodelartista.com\/ca\/wp-json\/wp\/v2\/tags?post=1109"}],"curies":[{"name":"wp","href":"https:\/\/api.w.org\/{rel}","templated":true}]}}