{"id":1129,"date":"2024-03-17T10:07:50","date_gmt":"2024-03-17T10:07:50","guid":{"rendered":"https:\/\/estatutodelartista.com\/el-contracte-artistic"},"modified":"2024-10-23T10:39:50","modified_gmt":"2024-10-23T10:39:50","slug":"el-contracte-artistic","status":"publish","type":"post","link":"https:\/\/estatutodelartista.com\/ca\/el-contracte-artistic","title":{"rendered":"El contracte art\u00edstic"},"content":{"rendered":"\n<pre id=\"contrato\" class=\"wp-block-code\"><code><\/code><\/pre>\n\n\n\n<p>La reforma laboral recent va suprimir el contracte per obra, que era fonamental a l&#8217;\u00e0mbit art\u00edstic, on la temporalitat \u00e9s la norma. Aquesta mesura va generar dificultats perqu\u00e8 cap altre tipus de contracte no s&#8217;adaptava adequadament a les particularitats del sector cultural.  <\/p>\n\n\n\n<p>Davant d&#8217;aquesta situaci\u00f3, el Govern va haver d&#8217;intervenir i crear un nou tipus de contracte anomenat &#8220;Contracte Art\u00edstic&#8221; per omplir el buit deixat per la desaparici\u00f3 del contracte per obra.<\/p>\n\n\n\n<p><strong>Caracter\u00edstiques del contracte.-  <\/strong><\/p>\n\n\n\n<p>Aquest contracte de treball pot ser a llarg termini o temporal, depenent de les necessitats de l&#8217;empresa. Pot ser per a una actuaci\u00f3 espec\u00edfica, una temporada o mentre una obra estigui en producci\u00f3.<\/p>\n\n\n\n<p>Ha de ser per escrit i detallar les condicions de la feina. Tamb\u00e9 heu d&#8217;explicar clarament per qu\u00e8 es fa el contracte i per quant de temps.<\/p>\n\n\n\n<p>Aquest tipus de contracte nom\u00e9s es fa servir per contractar personal t\u00e8cnic i auxiliar per a treballs art\u00edstics, llevat que el treball sigui permanent a l&#8217;empresa.<\/p>\n\n\n\n<p><br><strong>Norma.-<\/strong>  Reial Decret Llei 32\/2021 de 28 de desembre, de mesures urgents per a la reforma laboral, la garantia de l&#8217;estabilitat a l&#8217;ocupaci\u00f3 i la transformaci\u00f3 del mercat de treball (reforma laboral) i El Reial Decret Llei 5\/2022, de 22 de mar\u00e7, pel qual s&#8217;adapta el r\u00e8gim de relaci\u00f3 laboral de car\u00e0cter especial de les persones dedicades a les activitats art\u00edstiques i milloren les condicions laborals de les persones que treballen en aquesta \u00e0rea professional.<\/p>\n","protected":false},"excerpt":{"rendered":"<p>La reforma laboral recent va suprimir el contracte per obra, que era fonamental a l&#8217;\u00e0mbit art\u00edstic, on la temporalitat \u00e9s la norma. Aquesta mesura va generar dificultats perqu\u00e8 cap altre tipus de contracte no s&#8217;adaptava adequadament a les particularitats del sector cultural. Davant d&#8217;aquesta situaci\u00f3, el Govern va haver d&#8217;intervenir i crear un nou tipus [&hellip;]<\/p>\n","protected":false},"author":2,"featured_media":0,"comment_status":"closed","ping_status":"closed","sticky":false,"template":"","format":"standard","meta":{"footnotes":""},"categories":[28],"tags":[],"class_list":["post-1129","post","type-post","status-publish","format-standard","hentry","category-assoliments"],"yoast_head":"<!-- This site is optimized with the Yoast SEO plugin v27.1.1 - https:\/\/yoast.com\/product\/yoast-seo-wordpress\/ -->\n<title>El contracte art\u00edstic - Estatuto del Artista - ConArte<\/title>\n<meta name=\"robots\" content=\"index, follow, max-snippet:-1, max-image-preview:large, max-video-preview:-1\" \/>\n<link rel=\"canonical\" href=\"https:\/\/estatutodelartista.com\/ca\/el-contracte-artistic\" \/>\n<meta property=\"og:locale\" content=\"ca_ES\" \/>\n<meta property=\"og:type\" content=\"article\" \/>\n<meta property=\"og:title\" content=\"El contracte art\u00edstic - Estatuto del Artista - ConArte\" \/>\n<meta property=\"og:description\" content=\"La reforma laboral recent va suprimir el contracte per obra, que era fonamental a l&#8217;\u00e0mbit art\u00edstic, on la temporalitat \u00e9s la norma. Aquesta mesura va generar dificultats perqu\u00e8 cap altre tipus de contracte no s&#8217;adaptava adequadament a les particularitats del sector cultural. Davant d&#8217;aquesta situaci\u00f3, el Govern va haver d&#8217;intervenir i crear un nou tipus [&hellip;]\" \/>\n<meta property=\"og:url\" content=\"https:\/\/estatutodelartista.com\/ca\/el-contracte-artistic\" \/>\n<meta property=\"og:site_name\" content=\"Estatuto del Artista - ConArte\" \/>\n<meta property=\"article:publisher\" content=\"https:\/\/www.youtube.com\/channel\/UCkmRiNakmIVJ36IQkwouSGw\" \/>\n<meta property=\"article:published_time\" content=\"2024-03-17T10:07:50+00:00\" \/>\n<meta property=\"article:modified_time\" content=\"2024-10-23T10:39:50+00:00\" \/>\n<meta name=\"author\" content=\"John\" \/>\n<meta name=\"twitter:card\" content=\"summary_large_image\" \/>\n<meta name=\"twitter:label1\" content=\"Escrit per\" \/>\n\t<meta name=\"twitter:data1\" content=\"John\" \/>\n\t<meta name=\"twitter:label2\" content=\"Temps estimat de lectura\" \/>\n\t<meta name=\"twitter:data2\" content=\"2 minuts\" \/>\n<script type=\"application\/ld+json\" class=\"yoast-schema-graph\">{\"@context\":\"https:\/\/schema.org\",\"@graph\":[{\"@type\":\"Article\",\"@id\":\"https:\/\/estatutodelartista.com\/ca\/el-contracte-artistic#article\",\"isPartOf\":{\"@id\":\"https:\/\/estatutodelartista.com\/ca\/el-contracte-artistic\"},\"author\":{\"name\":\"John\",\"@id\":\"https:\/\/estatutodelartista.com\/ca#\/schema\/person\/6b3220ca521e5314484b7f3959dd208a\"},\"headline\":\"El contracte art\u00edstic\",\"datePublished\":\"2024-03-17T10:07:50+00:00\",\"dateModified\":\"2024-10-23T10:39:50+00:00\",\"mainEntityOfPage\":{\"@id\":\"https:\/\/estatutodelartista.com\/ca\/el-contracte-artistic\"},\"wordCount\":258,\"publisher\":{\"@id\":\"https:\/\/estatutodelartista.com\/ca#organization\"},\"articleSection\":[\"Assoliments\"],\"inLanguage\":\"ca\"},{\"@type\":\"WebPage\",\"@id\":\"https:\/\/estatutodelartista.com\/ca\/el-contracte-artistic\",\"url\":\"https:\/\/estatutodelartista.com\/ca\/el-contracte-artistic\",\"name\":\"El contracte art\u00edstic - Estatuto del Artista - ConArte\",\"isPartOf\":{\"@id\":\"https:\/\/estatutodelartista.com\/ca#website\"},\"datePublished\":\"2024-03-17T10:07:50+00:00\",\"dateModified\":\"2024-10-23T10:39:50+00:00\",\"breadcrumb\":{\"@id\":\"https:\/\/estatutodelartista.com\/ca\/el-contracte-artistic#breadcrumb\"},\"inLanguage\":\"ca\",\"potentialAction\":[{\"@type\":\"ReadAction\",\"target\":[\"https:\/\/estatutodelartista.com\/ca\/el-contracte-artistic\"]}]},{\"@type\":\"BreadcrumbList\",\"@id\":\"https:\/\/estatutodelartista.com\/ca\/el-contracte-artistic#breadcrumb\",\"itemListElement\":[{\"@type\":\"ListItem\",\"position\":1,\"name\":\"Portada\",\"item\":\"https:\/\/estatutodelartista.com\/ca\"},{\"@type\":\"ListItem\",\"position\":2,\"name\":\"El contracte art\u00edstic\"}]},{\"@type\":\"WebSite\",\"@id\":\"https:\/\/estatutodelartista.com\/ca#website\",\"url\":\"https:\/\/estatutodelartista.com\/ca\",\"name\":\"Estatuto del Artista\",\"description\":\"La web dedicada al Estatuto del Artista - ConArte\",\"publisher\":{\"@id\":\"https:\/\/estatutodelartista.com\/ca#organization\"},\"potentialAction\":[{\"@type\":\"SearchAction\",\"target\":{\"@type\":\"EntryPoint\",\"urlTemplate\":\"https:\/\/estatutodelartista.com\/ca?s={search_term_string}\"},\"query-input\":{\"@type\":\"PropertyValueSpecification\",\"valueRequired\":true,\"valueName\":\"search_term_string\"}}],\"inLanguage\":\"ca\"},{\"@type\":\"Organization\",\"@id\":\"https:\/\/estatutodelartista.com\/ca#organization\",\"name\":\"Estatuto del Artista\",\"url\":\"https:\/\/estatutodelartista.com\/ca\",\"logo\":{\"@type\":\"ImageObject\",\"inLanguage\":\"ca\",\"@id\":\"https:\/\/estatutodelartista.com\/ca#\/schema\/logo\/image\/\",\"url\":\"https:\/\/estatutodelartista.com\/wp-content\/uploads\/2024\/03\/EDA-LOGO-rojo.svg\",\"contentUrl\":\"https:\/\/estatutodelartista.com\/wp-content\/uploads\/2024\/03\/EDA-LOGO-rojo.svg\",\"width\":300,\"height\":300,\"caption\":\"Estatuto del Artista\"},\"image\":{\"@id\":\"https:\/\/estatutodelartista.com\/ca#\/schema\/logo\/image\/\"},\"sameAs\":[\"https:\/\/www.youtube.com\/channel\/UCkmRiNakmIVJ36IQkwouSGw\",\"https:\/\/www.instagram.com\/conarte_artistas\/\"]},{\"@type\":\"Person\",\"@id\":\"https:\/\/estatutodelartista.com\/ca#\/schema\/person\/6b3220ca521e5314484b7f3959dd208a\",\"name\":\"John\",\"image\":{\"@type\":\"ImageObject\",\"inLanguage\":\"ca\",\"@id\":\"https:\/\/estatutodelartista.com\/ca#\/schema\/person\/image\/\",\"url\":\"https:\/\/estatutodelartista.com\/wp-content\/litespeed\/avatar\/7d43e434a148352262065e6d9cd2ada3.jpg?ver=1777503832\",\"contentUrl\":\"https:\/\/estatutodelartista.com\/wp-content\/litespeed\/avatar\/7d43e434a148352262065e6d9cd2ada3.jpg?ver=1777503832\",\"caption\":\"John\"},\"url\":\"https:\/\/estatutodelartista.com\/ca\/author\/john\"}]}<\/script>\n<!-- \/ Yoast SEO plugin. -->","yoast_head_json":{"title":"El contracte art\u00edstic - Estatuto del Artista - ConArte","robots":{"index":"index","follow":"follow","max-snippet":"max-snippet:-1","max-image-preview":"max-image-preview:large","max-video-preview":"max-video-preview:-1"},"canonical":"https:\/\/estatutodelartista.com\/ca\/el-contracte-artistic","og_locale":"ca_ES","og_type":"article","og_title":"El contracte art\u00edstic - Estatuto del Artista - ConArte","og_description":"La reforma laboral recent va suprimir el contracte per obra, que era fonamental a l&#8217;\u00e0mbit art\u00edstic, on la temporalitat \u00e9s la norma. Aquesta mesura va generar dificultats perqu\u00e8 cap altre tipus de contracte no s&#8217;adaptava adequadament a les particularitats del sector cultural. Davant d&#8217;aquesta situaci\u00f3, el Govern va haver d&#8217;intervenir i crear un nou tipus [&hellip;]","og_url":"https:\/\/estatutodelartista.com\/ca\/el-contracte-artistic","og_site_name":"Estatuto del Artista - ConArte","article_publisher":"https:\/\/www.youtube.com\/channel\/UCkmRiNakmIVJ36IQkwouSGw","article_published_time":"2024-03-17T10:07:50+00:00","article_modified_time":"2024-10-23T10:39:50+00:00","author":"John","twitter_card":"summary_large_image","twitter_misc":{"Escrit per":"John","Temps estimat de lectura":"2 minuts"},"schema":{"@context":"https:\/\/schema.org","@graph":[{"@type":"Article","@id":"https:\/\/estatutodelartista.com\/ca\/el-contracte-artistic#article","isPartOf":{"@id":"https:\/\/estatutodelartista.com\/ca\/el-contracte-artistic"},"author":{"name":"John","@id":"https:\/\/estatutodelartista.com\/ca#\/schema\/person\/6b3220ca521e5314484b7f3959dd208a"},"headline":"El contracte art\u00edstic","datePublished":"2024-03-17T10:07:50+00:00","dateModified":"2024-10-23T10:39:50+00:00","mainEntityOfPage":{"@id":"https:\/\/estatutodelartista.com\/ca\/el-contracte-artistic"},"wordCount":258,"publisher":{"@id":"https:\/\/estatutodelartista.com\/ca#organization"},"articleSection":["Assoliments"],"inLanguage":"ca"},{"@type":"WebPage","@id":"https:\/\/estatutodelartista.com\/ca\/el-contracte-artistic","url":"https:\/\/estatutodelartista.com\/ca\/el-contracte-artistic","name":"El contracte art\u00edstic - Estatuto del Artista - ConArte","isPartOf":{"@id":"https:\/\/estatutodelartista.com\/ca#website"},"datePublished":"2024-03-17T10:07:50+00:00","dateModified":"2024-10-23T10:39:50+00:00","breadcrumb":{"@id":"https:\/\/estatutodelartista.com\/ca\/el-contracte-artistic#breadcrumb"},"inLanguage":"ca","potentialAction":[{"@type":"ReadAction","target":["https:\/\/estatutodelartista.com\/ca\/el-contracte-artistic"]}]},{"@type":"BreadcrumbList","@id":"https:\/\/estatutodelartista.com\/ca\/el-contracte-artistic#breadcrumb","itemListElement":[{"@type":"ListItem","position":1,"name":"Portada","item":"https:\/\/estatutodelartista.com\/ca"},{"@type":"ListItem","position":2,"name":"El contracte art\u00edstic"}]},{"@type":"WebSite","@id":"https:\/\/estatutodelartista.com\/ca#website","url":"https:\/\/estatutodelartista.com\/ca","name":"Estatuto del Artista","description":"La web dedicada al Estatuto del Artista - ConArte","publisher":{"@id":"https:\/\/estatutodelartista.com\/ca#organization"},"potentialAction":[{"@type":"SearchAction","target":{"@type":"EntryPoint","urlTemplate":"https:\/\/estatutodelartista.com\/ca?s={search_term_string}"},"query-input":{"@type":"PropertyValueSpecification","valueRequired":true,"valueName":"search_term_string"}}],"inLanguage":"ca"},{"@type":"Organization","@id":"https:\/\/estatutodelartista.com\/ca#organization","name":"Estatuto del Artista","url":"https:\/\/estatutodelartista.com\/ca","logo":{"@type":"ImageObject","inLanguage":"ca","@id":"https:\/\/estatutodelartista.com\/ca#\/schema\/logo\/image\/","url":"https:\/\/estatutodelartista.com\/wp-content\/uploads\/2024\/03\/EDA-LOGO-rojo.svg","contentUrl":"https:\/\/estatutodelartista.com\/wp-content\/uploads\/2024\/03\/EDA-LOGO-rojo.svg","width":300,"height":300,"caption":"Estatuto del Artista"},"image":{"@id":"https:\/\/estatutodelartista.com\/ca#\/schema\/logo\/image\/"},"sameAs":["https:\/\/www.youtube.com\/channel\/UCkmRiNakmIVJ36IQkwouSGw","https:\/\/www.instagram.com\/conarte_artistas\/"]},{"@type":"Person","@id":"https:\/\/estatutodelartista.com\/ca#\/schema\/person\/6b3220ca521e5314484b7f3959dd208a","name":"John","image":{"@type":"ImageObject","inLanguage":"ca","@id":"https:\/\/estatutodelartista.com\/ca#\/schema\/person\/image\/","url":"https:\/\/estatutodelartista.com\/wp-content\/litespeed\/avatar\/7d43e434a148352262065e6d9cd2ada3.jpg?ver=1777503832","contentUrl":"https:\/\/estatutodelartista.com\/wp-content\/litespeed\/avatar\/7d43e434a148352262065e6d9cd2ada3.jpg?ver=1777503832","caption":"John"},"url":"https:\/\/estatutodelartista.com\/ca\/author\/john"}]}},"_links":{"self":[{"href":"https:\/\/estatutodelartista.com\/ca\/wp-json\/wp\/v2\/posts\/1129","targetHints":{"allow":["GET"]}}],"collection":[{"href":"https:\/\/estatutodelartista.com\/ca\/wp-json\/wp\/v2\/posts"}],"about":[{"href":"https:\/\/estatutodelartista.com\/ca\/wp-json\/wp\/v2\/types\/post"}],"author":[{"embeddable":true,"href":"https:\/\/estatutodelartista.com\/ca\/wp-json\/wp\/v2\/users\/2"}],"replies":[{"embeddable":true,"href":"https:\/\/estatutodelartista.com\/ca\/wp-json\/wp\/v2\/comments?post=1129"}],"version-history":[{"count":3,"href":"https:\/\/estatutodelartista.com\/ca\/wp-json\/wp\/v2\/posts\/1129\/revisions"}],"predecessor-version":[{"id":1666,"href":"https:\/\/estatutodelartista.com\/ca\/wp-json\/wp\/v2\/posts\/1129\/revisions\/1666"}],"wp:attachment":[{"href":"https:\/\/estatutodelartista.com\/ca\/wp-json\/wp\/v2\/media?parent=1129"}],"wp:term":[{"taxonomy":"category","embeddable":true,"href":"https:\/\/estatutodelartista.com\/ca\/wp-json\/wp\/v2\/categories?post=1129"},{"taxonomy":"post_tag","embeddable":true,"href":"https:\/\/estatutodelartista.com\/ca\/wp-json\/wp\/v2\/tags?post=1129"}],"curies":[{"name":"wp","href":"https:\/\/api.w.org\/{rel}","templated":true}]}}