{"id":1161,"date":"2024-03-17T15:49:47","date_gmt":"2024-03-17T15:49:47","guid":{"rendered":"https:\/\/estatutodelartista.com\/a-lambit-seguretat-social"},"modified":"2024-10-23T10:15:35","modified_gmt":"2024-10-23T10:15:35","slug":"a-lambit-seguretat-social","status":"publish","type":"post","link":"https:\/\/estatutodelartista.com\/ca\/a-lambit-seguretat-social","title":{"rendered":"A l&#8217;\u00c0mbit Seguretat Social"},"content":{"rendered":"\n<pre id=\"seguridadsocial\" class=\"wp-block-code\"><code><\/code><\/pre>\n\n\n\n<p><strong>Malalties professionals<\/strong><\/p>\n\n\n\n<p>A la Proposta 59 de l&#8217;Informe de la Subcomissi\u00f3 per a l&#8217;Elaboraci\u00f3 d&#8217;un Estatut de l&#8217;Artista es recomanava un <strong>apropament integral<\/strong> als problemes de salut:<\/p>\n\n\n\n<ol class=\"wp-block-list\">\n<li>El <strong>reconeixement de les malalties professionals<\/strong> que porti a una adequada prevenci\u00f3 per minimitzar els riscos per a la salut de les persones i normalitzar la cultura preventiva en un sector precari i necessitat. La major part d&#8217;aquestes malalties, particularment a l&#8217;\u00e0mbit de les arts esc\u00e8niques, es tracten com a comunes i desvinculades de la pr\u00e0ctica professional. La idea seria la incorporaci\u00f3 d&#8217;aquestes malalties <strong>via modificaci\u00f3 de l&#8217;Annex I al RD 1299\/2006, mitjan\u00e7ant el procediment previst per a aquesta<\/strong> .  <\/li>\n<\/ol>\n\n\n\n<p><a href=\"https:\/\/www.boe.es\/buscar\/act.php?id=BOE-A-2006-22169\" target=\"_blank\" rel=\"noreferrer noopener\">https:\/\/www.boe.es\/buscar\/act.php?id=BOE-A-2006-22169<\/a><\/p>\n\n\n\n<ol start=\"2\" class=\"wp-block-list\">\n<li>La instauraci\u00f3 de <strong>sistemes adequats de seguiment de la salut entre els professionals de l&#8217;espectacle<\/strong> . Aquests sistemes han demostrat que impliquen un estalvi econ\u00f2mic important per a les companyies i per a la salut dels artistes.<\/li>\n<\/ol>\n\n\n\n<p>Actualment no hi ha cap relaci\u00f3 de malalties laborals pr\u00f2pies de les diferents especialitats art\u00edstiques ni es disposa de metges especialitzats que puguin tractar-les, com s\u00ed que existeix en el cas dels esportistes.<\/p>\n","protected":false},"excerpt":{"rendered":"<p>Malalties professionals A la Proposta 59 de l&#8217;Informe de la Subcomissi\u00f3 per a l&#8217;Elaboraci\u00f3 d&#8217;un Estatut de l&#8217;Artista es recomanava un apropament integral als problemes de salut: https:\/\/www.boe.es\/buscar\/act.php?id=BOE-A-2006-22169 Actualment no hi ha cap relaci\u00f3 de malalties laborals pr\u00f2pies de les diferents especialitats art\u00edstiques ni es disposa de metges especialitzats que puguin tractar-les, com s\u00ed que [&hellip;]<\/p>\n","protected":false},"author":2,"featured_media":0,"comment_status":"closed","ping_status":"closed","sticky":false,"template":"","format":"standard","meta":{"footnotes":""},"categories":[31],"tags":[],"class_list":["post-1161","post","type-post","status-publish","format-standard","hentry","category-drets-per-aconseguir"],"yoast_head":"<!-- This site is optimized with the Yoast SEO plugin v27.1.1 - https:\/\/yoast.com\/product\/yoast-seo-wordpress\/ -->\n<title>A l&#039;\u00c0mbit Seguretat Social - Estatuto del Artista - ConArte<\/title>\n<meta name=\"robots\" content=\"index, follow, max-snippet:-1, max-image-preview:large, max-video-preview:-1\" \/>\n<link rel=\"canonical\" href=\"https:\/\/estatutodelartista.com\/ca\/a-lambit-seguretat-social\" \/>\n<meta property=\"og:locale\" content=\"ca_ES\" \/>\n<meta property=\"og:type\" content=\"article\" \/>\n<meta property=\"og:title\" content=\"A l&#039;\u00c0mbit Seguretat Social - Estatuto del Artista - ConArte\" \/>\n<meta property=\"og:description\" content=\"Malalties professionals A la Proposta 59 de l&#8217;Informe de la Subcomissi\u00f3 per a l&#8217;Elaboraci\u00f3 d&#8217;un Estatut de l&#8217;Artista es recomanava un apropament integral als problemes de salut: https:\/\/www.boe.es\/buscar\/act.php?id=BOE-A-2006-22169 Actualment no hi ha cap relaci\u00f3 de malalties laborals pr\u00f2pies de les diferents especialitats art\u00edstiques ni es disposa de metges especialitzats que puguin tractar-les, com s\u00ed que [&hellip;]\" \/>\n<meta property=\"og:url\" content=\"https:\/\/estatutodelartista.com\/ca\/a-lambit-seguretat-social\" \/>\n<meta property=\"og:site_name\" content=\"Estatuto del Artista - ConArte\" \/>\n<meta property=\"article:publisher\" content=\"https:\/\/www.youtube.com\/channel\/UCkmRiNakmIVJ36IQkwouSGw\" \/>\n<meta property=\"article:published_time\" content=\"2024-03-17T15:49:47+00:00\" \/>\n<meta property=\"article:modified_time\" content=\"2024-10-23T10:15:35+00:00\" \/>\n<meta name=\"author\" content=\"John\" \/>\n<meta name=\"twitter:card\" content=\"summary_large_image\" \/>\n<meta name=\"twitter:label1\" content=\"Escrit per\" \/>\n\t<meta name=\"twitter:data1\" content=\"John\" \/>\n\t<meta name=\"twitter:label2\" content=\"Temps estimat de lectura\" \/>\n\t<meta name=\"twitter:data2\" content=\"1 minut\" \/>\n<script type=\"application\/ld+json\" class=\"yoast-schema-graph\">{\"@context\":\"https:\/\/schema.org\",\"@graph\":[{\"@type\":\"Article\",\"@id\":\"https:\/\/estatutodelartista.com\/ca\/a-lambit-seguretat-social#article\",\"isPartOf\":{\"@id\":\"https:\/\/estatutodelartista.com\/ca\/a-lambit-seguretat-social\"},\"author\":{\"name\":\"John\",\"@id\":\"https:\/\/estatutodelartista.com\/ca#\/schema\/person\/6b3220ca521e5314484b7f3959dd208a\"},\"headline\":\"A l&#8217;\u00c0mbit Seguretat Social\",\"datePublished\":\"2024-03-17T15:49:47+00:00\",\"dateModified\":\"2024-10-23T10:15:35+00:00\",\"mainEntityOfPage\":{\"@id\":\"https:\/\/estatutodelartista.com\/ca\/a-lambit-seguretat-social\"},\"wordCount\":203,\"publisher\":{\"@id\":\"https:\/\/estatutodelartista.com\/ca#organization\"},\"articleSection\":[\"Drets per aconseguir\"],\"inLanguage\":\"ca\"},{\"@type\":\"WebPage\",\"@id\":\"https:\/\/estatutodelartista.com\/ca\/a-lambit-seguretat-social\",\"url\":\"https:\/\/estatutodelartista.com\/ca\/a-lambit-seguretat-social\",\"name\":\"A l'\u00c0mbit Seguretat Social - Estatuto del Artista - ConArte\",\"isPartOf\":{\"@id\":\"https:\/\/estatutodelartista.com\/ca#website\"},\"datePublished\":\"2024-03-17T15:49:47+00:00\",\"dateModified\":\"2024-10-23T10:15:35+00:00\",\"breadcrumb\":{\"@id\":\"https:\/\/estatutodelartista.com\/ca\/a-lambit-seguretat-social#breadcrumb\"},\"inLanguage\":\"ca\",\"potentialAction\":[{\"@type\":\"ReadAction\",\"target\":[\"https:\/\/estatutodelartista.com\/ca\/a-lambit-seguretat-social\"]}]},{\"@type\":\"BreadcrumbList\",\"@id\":\"https:\/\/estatutodelartista.com\/ca\/a-lambit-seguretat-social#breadcrumb\",\"itemListElement\":[{\"@type\":\"ListItem\",\"position\":1,\"name\":\"Portada\",\"item\":\"https:\/\/estatutodelartista.com\/ca\"},{\"@type\":\"ListItem\",\"position\":2,\"name\":\"A l&#8217;\u00c0mbit Seguretat Social\"}]},{\"@type\":\"WebSite\",\"@id\":\"https:\/\/estatutodelartista.com\/ca#website\",\"url\":\"https:\/\/estatutodelartista.com\/ca\",\"name\":\"Estatuto del Artista\",\"description\":\"La web dedicada al Estatuto del Artista - ConArte\",\"publisher\":{\"@id\":\"https:\/\/estatutodelartista.com\/ca#organization\"},\"potentialAction\":[{\"@type\":\"SearchAction\",\"target\":{\"@type\":\"EntryPoint\",\"urlTemplate\":\"https:\/\/estatutodelartista.com\/ca?s={search_term_string}\"},\"query-input\":{\"@type\":\"PropertyValueSpecification\",\"valueRequired\":true,\"valueName\":\"search_term_string\"}}],\"inLanguage\":\"ca\"},{\"@type\":\"Organization\",\"@id\":\"https:\/\/estatutodelartista.com\/ca#organization\",\"name\":\"Estatuto del Artista\",\"url\":\"https:\/\/estatutodelartista.com\/ca\",\"logo\":{\"@type\":\"ImageObject\",\"inLanguage\":\"ca\",\"@id\":\"https:\/\/estatutodelartista.com\/ca#\/schema\/logo\/image\/\",\"url\":\"https:\/\/estatutodelartista.com\/wp-content\/uploads\/2024\/03\/EDA-LOGO-rojo.svg\",\"contentUrl\":\"https:\/\/estatutodelartista.com\/wp-content\/uploads\/2024\/03\/EDA-LOGO-rojo.svg\",\"width\":300,\"height\":300,\"caption\":\"Estatuto del Artista\"},\"image\":{\"@id\":\"https:\/\/estatutodelartista.com\/ca#\/schema\/logo\/image\/\"},\"sameAs\":[\"https:\/\/www.youtube.com\/channel\/UCkmRiNakmIVJ36IQkwouSGw\",\"https:\/\/www.instagram.com\/conarte_artistas\/\"]},{\"@type\":\"Person\",\"@id\":\"https:\/\/estatutodelartista.com\/ca#\/schema\/person\/6b3220ca521e5314484b7f3959dd208a\",\"name\":\"John\",\"image\":{\"@type\":\"ImageObject\",\"inLanguage\":\"ca\",\"@id\":\"https:\/\/estatutodelartista.com\/ca#\/schema\/person\/image\/\",\"url\":\"https:\/\/estatutodelartista.com\/wp-content\/litespeed\/avatar\/7d43e434a148352262065e6d9cd2ada3.jpg?ver=1777503832\",\"contentUrl\":\"https:\/\/estatutodelartista.com\/wp-content\/litespeed\/avatar\/7d43e434a148352262065e6d9cd2ada3.jpg?ver=1777503832\",\"caption\":\"John\"},\"url\":\"https:\/\/estatutodelartista.com\/ca\/author\/john\"}]}<\/script>\n<!-- \/ Yoast SEO plugin. -->","yoast_head_json":{"title":"A l'\u00c0mbit Seguretat Social - Estatuto del Artista - ConArte","robots":{"index":"index","follow":"follow","max-snippet":"max-snippet:-1","max-image-preview":"max-image-preview:large","max-video-preview":"max-video-preview:-1"},"canonical":"https:\/\/estatutodelartista.com\/ca\/a-lambit-seguretat-social","og_locale":"ca_ES","og_type":"article","og_title":"A l'\u00c0mbit Seguretat Social - Estatuto del Artista - ConArte","og_description":"Malalties professionals A la Proposta 59 de l&#8217;Informe de la Subcomissi\u00f3 per a l&#8217;Elaboraci\u00f3 d&#8217;un Estatut de l&#8217;Artista es recomanava un apropament integral als problemes de salut: https:\/\/www.boe.es\/buscar\/act.php?id=BOE-A-2006-22169 Actualment no hi ha cap relaci\u00f3 de malalties laborals pr\u00f2pies de les diferents especialitats art\u00edstiques ni es disposa de metges especialitzats que puguin tractar-les, com s\u00ed que [&hellip;]","og_url":"https:\/\/estatutodelartista.com\/ca\/a-lambit-seguretat-social","og_site_name":"Estatuto del Artista - ConArte","article_publisher":"https:\/\/www.youtube.com\/channel\/UCkmRiNakmIVJ36IQkwouSGw","article_published_time":"2024-03-17T15:49:47+00:00","article_modified_time":"2024-10-23T10:15:35+00:00","author":"John","twitter_card":"summary_large_image","twitter_misc":{"Escrit per":"John","Temps estimat de lectura":"1 minut"},"schema":{"@context":"https:\/\/schema.org","@graph":[{"@type":"Article","@id":"https:\/\/estatutodelartista.com\/ca\/a-lambit-seguretat-social#article","isPartOf":{"@id":"https:\/\/estatutodelartista.com\/ca\/a-lambit-seguretat-social"},"author":{"name":"John","@id":"https:\/\/estatutodelartista.com\/ca#\/schema\/person\/6b3220ca521e5314484b7f3959dd208a"},"headline":"A l&#8217;\u00c0mbit Seguretat Social","datePublished":"2024-03-17T15:49:47+00:00","dateModified":"2024-10-23T10:15:35+00:00","mainEntityOfPage":{"@id":"https:\/\/estatutodelartista.com\/ca\/a-lambit-seguretat-social"},"wordCount":203,"publisher":{"@id":"https:\/\/estatutodelartista.com\/ca#organization"},"articleSection":["Drets per aconseguir"],"inLanguage":"ca"},{"@type":"WebPage","@id":"https:\/\/estatutodelartista.com\/ca\/a-lambit-seguretat-social","url":"https:\/\/estatutodelartista.com\/ca\/a-lambit-seguretat-social","name":"A l'\u00c0mbit Seguretat Social - Estatuto del Artista - ConArte","isPartOf":{"@id":"https:\/\/estatutodelartista.com\/ca#website"},"datePublished":"2024-03-17T15:49:47+00:00","dateModified":"2024-10-23T10:15:35+00:00","breadcrumb":{"@id":"https:\/\/estatutodelartista.com\/ca\/a-lambit-seguretat-social#breadcrumb"},"inLanguage":"ca","potentialAction":[{"@type":"ReadAction","target":["https:\/\/estatutodelartista.com\/ca\/a-lambit-seguretat-social"]}]},{"@type":"BreadcrumbList","@id":"https:\/\/estatutodelartista.com\/ca\/a-lambit-seguretat-social#breadcrumb","itemListElement":[{"@type":"ListItem","position":1,"name":"Portada","item":"https:\/\/estatutodelartista.com\/ca"},{"@type":"ListItem","position":2,"name":"A l&#8217;\u00c0mbit Seguretat Social"}]},{"@type":"WebSite","@id":"https:\/\/estatutodelartista.com\/ca#website","url":"https:\/\/estatutodelartista.com\/ca","name":"Estatuto del Artista","description":"La web dedicada al Estatuto del Artista - ConArte","publisher":{"@id":"https:\/\/estatutodelartista.com\/ca#organization"},"potentialAction":[{"@type":"SearchAction","target":{"@type":"EntryPoint","urlTemplate":"https:\/\/estatutodelartista.com\/ca?s={search_term_string}"},"query-input":{"@type":"PropertyValueSpecification","valueRequired":true,"valueName":"search_term_string"}}],"inLanguage":"ca"},{"@type":"Organization","@id":"https:\/\/estatutodelartista.com\/ca#organization","name":"Estatuto del Artista","url":"https:\/\/estatutodelartista.com\/ca","logo":{"@type":"ImageObject","inLanguage":"ca","@id":"https:\/\/estatutodelartista.com\/ca#\/schema\/logo\/image\/","url":"https:\/\/estatutodelartista.com\/wp-content\/uploads\/2024\/03\/EDA-LOGO-rojo.svg","contentUrl":"https:\/\/estatutodelartista.com\/wp-content\/uploads\/2024\/03\/EDA-LOGO-rojo.svg","width":300,"height":300,"caption":"Estatuto del Artista"},"image":{"@id":"https:\/\/estatutodelartista.com\/ca#\/schema\/logo\/image\/"},"sameAs":["https:\/\/www.youtube.com\/channel\/UCkmRiNakmIVJ36IQkwouSGw","https:\/\/www.instagram.com\/conarte_artistas\/"]},{"@type":"Person","@id":"https:\/\/estatutodelartista.com\/ca#\/schema\/person\/6b3220ca521e5314484b7f3959dd208a","name":"John","image":{"@type":"ImageObject","inLanguage":"ca","@id":"https:\/\/estatutodelartista.com\/ca#\/schema\/person\/image\/","url":"https:\/\/estatutodelartista.com\/wp-content\/litespeed\/avatar\/7d43e434a148352262065e6d9cd2ada3.jpg?ver=1777503832","contentUrl":"https:\/\/estatutodelartista.com\/wp-content\/litespeed\/avatar\/7d43e434a148352262065e6d9cd2ada3.jpg?ver=1777503832","caption":"John"},"url":"https:\/\/estatutodelartista.com\/ca\/author\/john"}]}},"_links":{"self":[{"href":"https:\/\/estatutodelartista.com\/ca\/wp-json\/wp\/v2\/posts\/1161","targetHints":{"allow":["GET"]}}],"collection":[{"href":"https:\/\/estatutodelartista.com\/ca\/wp-json\/wp\/v2\/posts"}],"about":[{"href":"https:\/\/estatutodelartista.com\/ca\/wp-json\/wp\/v2\/types\/post"}],"author":[{"embeddable":true,"href":"https:\/\/estatutodelartista.com\/ca\/wp-json\/wp\/v2\/users\/2"}],"replies":[{"embeddable":true,"href":"https:\/\/estatutodelartista.com\/ca\/wp-json\/wp\/v2\/comments?post=1161"}],"version-history":[{"count":3,"href":"https:\/\/estatutodelartista.com\/ca\/wp-json\/wp\/v2\/posts\/1161\/revisions"}],"predecessor-version":[{"id":1655,"href":"https:\/\/estatutodelartista.com\/ca\/wp-json\/wp\/v2\/posts\/1161\/revisions\/1655"}],"wp:attachment":[{"href":"https:\/\/estatutodelartista.com\/ca\/wp-json\/wp\/v2\/media?parent=1161"}],"wp:term":[{"taxonomy":"category","embeddable":true,"href":"https:\/\/estatutodelartista.com\/ca\/wp-json\/wp\/v2\/categories?post=1161"},{"taxonomy":"post_tag","embeddable":true,"href":"https:\/\/estatutodelartista.com\/ca\/wp-json\/wp\/v2\/tags?post=1161"}],"curies":[{"name":"wp","href":"https:\/\/api.w.org\/{rel}","templated":true}]}}