{"id":1190,"date":"2024-03-17T16:01:57","date_gmt":"2024-03-17T16:01:57","guid":{"rendered":"https:\/\/estatutodelartista.com\/situacio-actual"},"modified":"2024-11-13T16:05:19","modified_gmt":"2024-11-13T16:05:19","slug":"situacio-actual","status":"publish","type":"post","link":"https:\/\/estatutodelartista.com\/ca\/situacio-actual","title":{"rendered":"Situaci\u00f3 actual"},"content":{"rendered":"\n<pre id=\"actualidad\" class=\"wp-block-code\"><code><\/code><\/pre>\n\n\n\n<p>Tal com es despr\u00e8n de la <strong>nova edici\u00f3 de l&#8217;Informe de la Fundaci\u00f3 AISGE sobre la situaci\u00f3 sociolaboral d&#8217;actors, actrius, ballarines i ballarins a Espanya l&#8217;any 2023  <\/strong>(<a href=\"https:\/\/www.aisge.es\/estudio-sociolaboral-2023-de-la-fundacion-aisge-contenidos-integros\" target=\"_blank\" rel=\"noreferrer noopener\">https:\/\/www.aisge.es\/estudio-sociolaboral-2023-de-la-fundacion-aisge-contenidos-integros<\/a>), si b\u00e9 s&#8217;aprecia una ocupabilitat m\u00e9s gran per als artistes, \u00e9s a costa d&#8217;un empitjorament en les seves condicions laborals. Aix\u00ed, nom\u00e9s el 23% dels actors i actrius espanyols superen els 12.000 euros bruts d&#8217;ingressos anuals (una quantitat per sota fins i tot del salari m\u00ednim interprofessional), i aquells que arriben a uns ingressos en una franja de certa estabilitat econ\u00f2mica, per sobre dels 18.000 euros, no arriben ni tan sols al 16% (9% entre 18.000 \u20ac i 30.000 \u20ac, mentre que nom\u00e9s el 7% estaria per sobre dels 30.000 \u20ac). Per contra, aquells que emprenen una traject\u00f2ria art\u00edstica a nivell professional no arriben ni als 3.000 \u20ac d&#8217;ingressos anuals i s\u00f3n el col\u00b7lectiu m\u00e9s nombr\u00f3s: el 48% del total.<\/p>\n\n\n\n<p>Aix\u00f2 ens obliga a continuar insistint en aquelles propostes\/ recomanacions previstes a l&#8217;Informe de la Subcomissi\u00f3 per a l&#8217;Elaboraci\u00f3 d&#8217;un Estatut de l&#8217;Artista (Butllet\u00ed Oficial de les Corts Generals Congr\u00e9s dels Diputats S\u00e8rie D, N\u00fam. 373, de 20 de juny de 2018 , P\u00e0g. 4), per\u00f2 que no s&#8217;han aconseguit i que, considerem imprescindibles per als nostres interessos i la defensa dels nostres drets, el que significa que lluitarem perqu\u00e8 es cre\u00efn taules de treball, o s&#8217;incorporin aquests temes a les taules ja existents.<\/p>\n","protected":false},"excerpt":{"rendered":"<p>Tal com es despr\u00e8n de la nova edici\u00f3 de l&#8217;Informe de la Fundaci\u00f3 AISGE sobre la situaci\u00f3 sociolaboral d&#8217;actors, actrius, ballarines i ballarins a Espanya l&#8217;any 2023 (https:\/\/www.aisge.es\/estudio-sociolaboral-2023-de-la-fundacion-aisge-contenidos-integros), si b\u00e9 s&#8217;aprecia una ocupabilitat m\u00e9s gran per als artistes, \u00e9s a costa d&#8217;un empitjorament en les seves condicions laborals. Aix\u00ed, nom\u00e9s el 23% dels actors i [&hellip;]<\/p>\n","protected":false},"author":2,"featured_media":0,"comment_status":"closed","ping_status":"closed","sticky":false,"template":"","format":"standard","meta":{"footnotes":""},"categories":[31],"tags":[],"class_list":["post-1190","post","type-post","status-publish","format-standard","hentry","category-drets-per-aconseguir"],"yoast_head":"<!-- This site is optimized with the Yoast SEO plugin v27.1.1 - https:\/\/yoast.com\/product\/yoast-seo-wordpress\/ -->\n<title>Situaci\u00f3 actual - Estatuto del Artista - ConArte<\/title>\n<meta name=\"robots\" content=\"index, follow, max-snippet:-1, max-image-preview:large, max-video-preview:-1\" \/>\n<link rel=\"canonical\" href=\"https:\/\/estatutodelartista.com\/ca\/situacio-actual\" \/>\n<meta property=\"og:locale\" content=\"ca_ES\" \/>\n<meta property=\"og:type\" content=\"article\" \/>\n<meta property=\"og:title\" content=\"Situaci\u00f3 actual - Estatuto del Artista - ConArte\" \/>\n<meta property=\"og:description\" content=\"Tal com es despr\u00e8n de la nova edici\u00f3 de l&#8217;Informe de la Fundaci\u00f3 AISGE sobre la situaci\u00f3 sociolaboral d&#8217;actors, actrius, ballarines i ballarins a Espanya l&#8217;any 2023 (https:\/\/www.aisge.es\/estudio-sociolaboral-2023-de-la-fundacion-aisge-contenidos-integros), si b\u00e9 s&#8217;aprecia una ocupabilitat m\u00e9s gran per als artistes, \u00e9s a costa d&#8217;un empitjorament en les seves condicions laborals. Aix\u00ed, nom\u00e9s el 23% dels actors i [&hellip;]\" \/>\n<meta property=\"og:url\" content=\"https:\/\/estatutodelartista.com\/ca\/situacio-actual\" \/>\n<meta property=\"og:site_name\" content=\"Estatuto del Artista - ConArte\" \/>\n<meta property=\"article:publisher\" content=\"https:\/\/www.youtube.com\/channel\/UCkmRiNakmIVJ36IQkwouSGw\" \/>\n<meta property=\"article:published_time\" content=\"2024-03-17T16:01:57+00:00\" \/>\n<meta property=\"article:modified_time\" content=\"2024-11-13T16:05:19+00:00\" \/>\n<meta name=\"author\" content=\"John\" \/>\n<meta name=\"twitter:card\" content=\"summary_large_image\" \/>\n<meta name=\"twitter:label1\" content=\"Escrit per\" \/>\n\t<meta name=\"twitter:data1\" content=\"John\" \/>\n\t<meta name=\"twitter:label2\" content=\"Temps estimat de lectura\" \/>\n\t<meta name=\"twitter:data2\" content=\"2 minuts\" \/>\n<script type=\"application\/ld+json\" class=\"yoast-schema-graph\">{\"@context\":\"https:\/\/schema.org\",\"@graph\":[{\"@type\":\"Article\",\"@id\":\"https:\/\/estatutodelartista.com\/ca\/situacio-actual#article\",\"isPartOf\":{\"@id\":\"https:\/\/estatutodelartista.com\/ca\/situacio-actual\"},\"author\":{\"name\":\"John\",\"@id\":\"https:\/\/estatutodelartista.com\/ca#\/schema\/person\/6b3220ca521e5314484b7f3959dd208a\"},\"headline\":\"Situaci\u00f3 actual\",\"datePublished\":\"2024-03-17T16:01:57+00:00\",\"dateModified\":\"2024-11-13T16:05:19+00:00\",\"mainEntityOfPage\":{\"@id\":\"https:\/\/estatutodelartista.com\/ca\/situacio-actual\"},\"wordCount\":248,\"publisher\":{\"@id\":\"https:\/\/estatutodelartista.com\/ca#organization\"},\"articleSection\":[\"Drets per aconseguir\"],\"inLanguage\":\"ca\"},{\"@type\":\"WebPage\",\"@id\":\"https:\/\/estatutodelartista.com\/ca\/situacio-actual\",\"url\":\"https:\/\/estatutodelartista.com\/ca\/situacio-actual\",\"name\":\"Situaci\u00f3 actual - Estatuto del Artista - ConArte\",\"isPartOf\":{\"@id\":\"https:\/\/estatutodelartista.com\/ca#website\"},\"datePublished\":\"2024-03-17T16:01:57+00:00\",\"dateModified\":\"2024-11-13T16:05:19+00:00\",\"breadcrumb\":{\"@id\":\"https:\/\/estatutodelartista.com\/ca\/situacio-actual#breadcrumb\"},\"inLanguage\":\"ca\",\"potentialAction\":[{\"@type\":\"ReadAction\",\"target\":[\"https:\/\/estatutodelartista.com\/ca\/situacio-actual\"]}]},{\"@type\":\"BreadcrumbList\",\"@id\":\"https:\/\/estatutodelartista.com\/ca\/situacio-actual#breadcrumb\",\"itemListElement\":[{\"@type\":\"ListItem\",\"position\":1,\"name\":\"Portada\",\"item\":\"https:\/\/estatutodelartista.com\/ca\"},{\"@type\":\"ListItem\",\"position\":2,\"name\":\"Situaci\u00f3 actual\"}]},{\"@type\":\"WebSite\",\"@id\":\"https:\/\/estatutodelartista.com\/ca#website\",\"url\":\"https:\/\/estatutodelartista.com\/ca\",\"name\":\"Estatuto del Artista\",\"description\":\"La web dedicada al Estatuto del Artista - ConArte\",\"publisher\":{\"@id\":\"https:\/\/estatutodelartista.com\/ca#organization\"},\"potentialAction\":[{\"@type\":\"SearchAction\",\"target\":{\"@type\":\"EntryPoint\",\"urlTemplate\":\"https:\/\/estatutodelartista.com\/ca?s={search_term_string}\"},\"query-input\":{\"@type\":\"PropertyValueSpecification\",\"valueRequired\":true,\"valueName\":\"search_term_string\"}}],\"inLanguage\":\"ca\"},{\"@type\":\"Organization\",\"@id\":\"https:\/\/estatutodelartista.com\/ca#organization\",\"name\":\"Estatuto del Artista\",\"url\":\"https:\/\/estatutodelartista.com\/ca\",\"logo\":{\"@type\":\"ImageObject\",\"inLanguage\":\"ca\",\"@id\":\"https:\/\/estatutodelartista.com\/ca#\/schema\/logo\/image\/\",\"url\":\"https:\/\/estatutodelartista.com\/wp-content\/uploads\/2024\/03\/EDA-LOGO-rojo.svg\",\"contentUrl\":\"https:\/\/estatutodelartista.com\/wp-content\/uploads\/2024\/03\/EDA-LOGO-rojo.svg\",\"width\":300,\"height\":300,\"caption\":\"Estatuto del Artista\"},\"image\":{\"@id\":\"https:\/\/estatutodelartista.com\/ca#\/schema\/logo\/image\/\"},\"sameAs\":[\"https:\/\/www.youtube.com\/channel\/UCkmRiNakmIVJ36IQkwouSGw\",\"https:\/\/www.instagram.com\/conarte_artistas\/\"]},{\"@type\":\"Person\",\"@id\":\"https:\/\/estatutodelartista.com\/ca#\/schema\/person\/6b3220ca521e5314484b7f3959dd208a\",\"name\":\"John\",\"image\":{\"@type\":\"ImageObject\",\"inLanguage\":\"ca\",\"@id\":\"https:\/\/estatutodelartista.com\/ca#\/schema\/person\/image\/\",\"url\":\"https:\/\/estatutodelartista.com\/wp-content\/litespeed\/avatar\/7d43e434a148352262065e6d9cd2ada3.jpg?ver=1776898364\",\"contentUrl\":\"https:\/\/estatutodelartista.com\/wp-content\/litespeed\/avatar\/7d43e434a148352262065e6d9cd2ada3.jpg?ver=1776898364\",\"caption\":\"John\"},\"url\":\"https:\/\/estatutodelartista.com\/ca\/author\/john\"}]}<\/script>\n<!-- \/ Yoast SEO plugin. -->","yoast_head_json":{"title":"Situaci\u00f3 actual - Estatuto del Artista - ConArte","robots":{"index":"index","follow":"follow","max-snippet":"max-snippet:-1","max-image-preview":"max-image-preview:large","max-video-preview":"max-video-preview:-1"},"canonical":"https:\/\/estatutodelartista.com\/ca\/situacio-actual","og_locale":"ca_ES","og_type":"article","og_title":"Situaci\u00f3 actual - Estatuto del Artista - ConArte","og_description":"Tal com es despr\u00e8n de la nova edici\u00f3 de l&#8217;Informe de la Fundaci\u00f3 AISGE sobre la situaci\u00f3 sociolaboral d&#8217;actors, actrius, ballarines i ballarins a Espanya l&#8217;any 2023 (https:\/\/www.aisge.es\/estudio-sociolaboral-2023-de-la-fundacion-aisge-contenidos-integros), si b\u00e9 s&#8217;aprecia una ocupabilitat m\u00e9s gran per als artistes, \u00e9s a costa d&#8217;un empitjorament en les seves condicions laborals. Aix\u00ed, nom\u00e9s el 23% dels actors i [&hellip;]","og_url":"https:\/\/estatutodelartista.com\/ca\/situacio-actual","og_site_name":"Estatuto del Artista - ConArte","article_publisher":"https:\/\/www.youtube.com\/channel\/UCkmRiNakmIVJ36IQkwouSGw","article_published_time":"2024-03-17T16:01:57+00:00","article_modified_time":"2024-11-13T16:05:19+00:00","author":"John","twitter_card":"summary_large_image","twitter_misc":{"Escrit per":"John","Temps estimat de lectura":"2 minuts"},"schema":{"@context":"https:\/\/schema.org","@graph":[{"@type":"Article","@id":"https:\/\/estatutodelartista.com\/ca\/situacio-actual#article","isPartOf":{"@id":"https:\/\/estatutodelartista.com\/ca\/situacio-actual"},"author":{"name":"John","@id":"https:\/\/estatutodelartista.com\/ca#\/schema\/person\/6b3220ca521e5314484b7f3959dd208a"},"headline":"Situaci\u00f3 actual","datePublished":"2024-03-17T16:01:57+00:00","dateModified":"2024-11-13T16:05:19+00:00","mainEntityOfPage":{"@id":"https:\/\/estatutodelartista.com\/ca\/situacio-actual"},"wordCount":248,"publisher":{"@id":"https:\/\/estatutodelartista.com\/ca#organization"},"articleSection":["Drets per aconseguir"],"inLanguage":"ca"},{"@type":"WebPage","@id":"https:\/\/estatutodelartista.com\/ca\/situacio-actual","url":"https:\/\/estatutodelartista.com\/ca\/situacio-actual","name":"Situaci\u00f3 actual - Estatuto del Artista - ConArte","isPartOf":{"@id":"https:\/\/estatutodelartista.com\/ca#website"},"datePublished":"2024-03-17T16:01:57+00:00","dateModified":"2024-11-13T16:05:19+00:00","breadcrumb":{"@id":"https:\/\/estatutodelartista.com\/ca\/situacio-actual#breadcrumb"},"inLanguage":"ca","potentialAction":[{"@type":"ReadAction","target":["https:\/\/estatutodelartista.com\/ca\/situacio-actual"]}]},{"@type":"BreadcrumbList","@id":"https:\/\/estatutodelartista.com\/ca\/situacio-actual#breadcrumb","itemListElement":[{"@type":"ListItem","position":1,"name":"Portada","item":"https:\/\/estatutodelartista.com\/ca"},{"@type":"ListItem","position":2,"name":"Situaci\u00f3 actual"}]},{"@type":"WebSite","@id":"https:\/\/estatutodelartista.com\/ca#website","url":"https:\/\/estatutodelartista.com\/ca","name":"Estatuto del Artista","description":"La web dedicada al Estatuto del Artista - ConArte","publisher":{"@id":"https:\/\/estatutodelartista.com\/ca#organization"},"potentialAction":[{"@type":"SearchAction","target":{"@type":"EntryPoint","urlTemplate":"https:\/\/estatutodelartista.com\/ca?s={search_term_string}"},"query-input":{"@type":"PropertyValueSpecification","valueRequired":true,"valueName":"search_term_string"}}],"inLanguage":"ca"},{"@type":"Organization","@id":"https:\/\/estatutodelartista.com\/ca#organization","name":"Estatuto del Artista","url":"https:\/\/estatutodelartista.com\/ca","logo":{"@type":"ImageObject","inLanguage":"ca","@id":"https:\/\/estatutodelartista.com\/ca#\/schema\/logo\/image\/","url":"https:\/\/estatutodelartista.com\/wp-content\/uploads\/2024\/03\/EDA-LOGO-rojo.svg","contentUrl":"https:\/\/estatutodelartista.com\/wp-content\/uploads\/2024\/03\/EDA-LOGO-rojo.svg","width":300,"height":300,"caption":"Estatuto del Artista"},"image":{"@id":"https:\/\/estatutodelartista.com\/ca#\/schema\/logo\/image\/"},"sameAs":["https:\/\/www.youtube.com\/channel\/UCkmRiNakmIVJ36IQkwouSGw","https:\/\/www.instagram.com\/conarte_artistas\/"]},{"@type":"Person","@id":"https:\/\/estatutodelartista.com\/ca#\/schema\/person\/6b3220ca521e5314484b7f3959dd208a","name":"John","image":{"@type":"ImageObject","inLanguage":"ca","@id":"https:\/\/estatutodelartista.com\/ca#\/schema\/person\/image\/","url":"https:\/\/estatutodelartista.com\/wp-content\/litespeed\/avatar\/7d43e434a148352262065e6d9cd2ada3.jpg?ver=1776898364","contentUrl":"https:\/\/estatutodelartista.com\/wp-content\/litespeed\/avatar\/7d43e434a148352262065e6d9cd2ada3.jpg?ver=1776898364","caption":"John"},"url":"https:\/\/estatutodelartista.com\/ca\/author\/john"}]}},"_links":{"self":[{"href":"https:\/\/estatutodelartista.com\/ca\/wp-json\/wp\/v2\/posts\/1190","targetHints":{"allow":["GET"]}}],"collection":[{"href":"https:\/\/estatutodelartista.com\/ca\/wp-json\/wp\/v2\/posts"}],"about":[{"href":"https:\/\/estatutodelartista.com\/ca\/wp-json\/wp\/v2\/types\/post"}],"author":[{"embeddable":true,"href":"https:\/\/estatutodelartista.com\/ca\/wp-json\/wp\/v2\/users\/2"}],"replies":[{"embeddable":true,"href":"https:\/\/estatutodelartista.com\/ca\/wp-json\/wp\/v2\/comments?post=1190"}],"version-history":[{"count":5,"href":"https:\/\/estatutodelartista.com\/ca\/wp-json\/wp\/v2\/posts\/1190\/revisions"}],"predecessor-version":[{"id":1767,"href":"https:\/\/estatutodelartista.com\/ca\/wp-json\/wp\/v2\/posts\/1190\/revisions\/1767"}],"wp:attachment":[{"href":"https:\/\/estatutodelartista.com\/ca\/wp-json\/wp\/v2\/media?parent=1190"}],"wp:term":[{"taxonomy":"category","embeddable":true,"href":"https:\/\/estatutodelartista.com\/ca\/wp-json\/wp\/v2\/categories?post=1190"},{"taxonomy":"post_tag","embeddable":true,"href":"https:\/\/estatutodelartista.com\/ca\/wp-json\/wp\/v2\/tags?post=1190"}],"curies":[{"name":"wp","href":"https:\/\/api.w.org\/{rel}","templated":true}]}}