{"id":1028,"date":"2024-03-17T11:07:12","date_gmt":"2024-03-17T11:07:12","guid":{"rendered":"https:\/\/estatutodelartista.com\/como-afecta-a-nomina-a-reducion-do-do-irpf"},"modified":"2024-05-21T14:24:39","modified_gmt":"2024-05-21T14:24:39","slug":"como-afecta-a-nomina-a-reducion-do-do-irpf","status":"publish","type":"post","link":"https:\/\/estatutodelartista.com\/gl\/como-afecta-a-nomina-a-reducion-do-do-irpf","title":{"rendered":"Como afecta \u00e1 n\u00f3mina a reduci\u00f3n do % do IRPF"},"content":{"rendered":"\n<p id=\"reduccionirpf\"><strong>Historia.-<\/strong> Desde 1985, os artistas est\u00e1n suxeitos a un imposto sobre a renda (IRPF) do 15%, establecido pola lei. Non obstante, debido \u00e1 natureza variable dos seus ingresos, este imposto deber\u00eda ser idealmente do 2%. As\u00ed se decidiu porque os ingresos dos artistas son irregulares e \u00e9 dif\u00edcil prever canto ga\u00f1ar\u00e1n nun ano, polo que unha porcentaxe m\u00e1is alta axuda a garantir que cumpran coas s\u00faas obrigas fiscais.<\/p>\n\n<p><strong>Orixe da medida.-<\/strong> Despois de estudar o sector, descubriuse que s\u00f3 o 2% dos artistas ga\u00f1aba m\u00e1is de 12.000\u20ac anuais. Isto significa que case todos os artistas ti\u00f1an declaraci\u00f3ns fiscais negativas. As\u00ed, viuse que un imposto do 15% poder\u00eda ser moi elevado para os artistas, sobre todo para os que cobran salarios m\u00ednimos e se centran principalmente no teatro.<\/p>\n\n<p><strong>Proposta.-<\/strong> Por este motivo, prop\u00faxose no Congreso dos Deputados a reduci\u00f3n do IRPF ata o 2% para os postos de traballo que non superen o triplo do salario m\u00ednimo interprofesional (SMI). Isto prop\u00faxose para que os artistas de baixos ingresos puidesen ter m\u00e1is di\u00f1eiro dispo\u00f1ible diariamente, sen ter que esperar a devoluci\u00f3n do IRPF.<\/p>\n\n<p><strong>Modificaci\u00f3n normativa.-<\/strong> Por\u00e9n, o lexislador decidiu que a rebaixa do IRPF ser\u00eda xeral e sen indicadores de renda nun 2%.<\/p>\n\n<p><strong>Consecuencias positivas.-<\/strong> En consecuencia, en xeral e especialmente nos traballos regulados por convenios colectivos, os artistas te\u00f1en m\u00e1is cartos nos seus salarios pola reduci\u00f3n do imposto do 15% ao 2%.<\/p>\n\n<p><strong>Consecuencia negativa.-<\/strong> Esta medida resultou negativa para os que pactaron os seus salarios netos, \u00e9 dicir, despois de impostos. A\u00ednda que seguen recibindo a mesma cantidade de di\u00f1eiro nas s\u00faas contas bancarias, os seus salarios brutos diminu\u00edron. Isto d\u00e9bese a que a rebaixa do 13% do IRPF foi compensada polas empresas, o que sup\u00f3n que o salario bruto diminu\u00edu, o que beneficia \u00e1s empresas.<\/p>\n\n<p><strong>Recomendaci\u00f3n.-<\/strong> Para as persoas que traballan no sector audiovisual en xeral, recom\u00e9ndase que soliciten \u00e1s s\u00faas empresas a aplicaci\u00f3n voluntaria do IRPF do 15%. Isto axuda a evitar sorpresas ao pagar impostos na s\u00faa declaraci\u00f3n anual.<\/p>\n\n<p><strong>Nunca<\/strong> \u00e9 unha boa idea negociar o seu salario nunha base neta, xa que os cambios na lexislaci\u00f3n fiscal ou de cotizaci\u00f3n poden afectar directamente o seu salario. Se se negocia en bruto, estas modificaci\u00f3ns non poden reducir o salario do artista.<\/p>\n","protected":false},"excerpt":{"rendered":"<p>Historia.- Desde 1985, os artistas est\u00e1n suxeitos a un imposto sobre a renda (IRPF) do 15%, establecido pola lei. Non obstante, debido \u00e1 natureza variable dos seus ingresos, este imposto deber\u00eda ser idealmente do 2%. As\u00ed se decidiu porque os ingresos dos artistas son irregulares e \u00e9 dif\u00edcil prever canto ga\u00f1ar\u00e1n nun ano, polo que [&hellip;]<\/p>\n","protected":false},"author":2,"featured_media":0,"comment_status":"closed","ping_status":"closed","sticky":false,"template":"","format":"standard","meta":{"footnotes":""},"categories":[29],"tags":[],"class_list":["post-1028","post","type-post","status-publish","format-standard","hentry","category-logros-gl"],"yoast_head":"<!-- This site is optimized with the Yoast SEO plugin v27.1.1 - https:\/\/yoast.com\/product\/yoast-seo-wordpress\/ -->\n<title>Como afecta \u00e1 n\u00f3mina a reduci\u00f3n do % do IRPF - Estatuto del Artista - ConArte<\/title>\n<meta name=\"robots\" content=\"index, follow, max-snippet:-1, max-image-preview:large, max-video-preview:-1\" \/>\n<link rel=\"canonical\" href=\"https:\/\/estatutodelartista.com\/gl\/como-afecta-a-nomina-a-reducion-do-do-irpf\" \/>\n<meta property=\"og:locale\" content=\"gl_ES\" \/>\n<meta property=\"og:type\" content=\"article\" \/>\n<meta property=\"og:title\" content=\"Como afecta \u00e1 n\u00f3mina a reduci\u00f3n do % do IRPF - Estatuto del Artista - ConArte\" \/>\n<meta property=\"og:description\" content=\"Historia.- Desde 1985, os artistas est\u00e1n suxeitos a un imposto sobre a renda (IRPF) do 15%, establecido pola lei. Non obstante, debido \u00e1 natureza variable dos seus ingresos, este imposto deber\u00eda ser idealmente do 2%. As\u00ed se decidiu porque os ingresos dos artistas son irregulares e \u00e9 dif\u00edcil prever canto ga\u00f1ar\u00e1n nun ano, polo que [&hellip;]\" \/>\n<meta property=\"og:url\" content=\"https:\/\/estatutodelartista.com\/gl\/como-afecta-a-nomina-a-reducion-do-do-irpf\" \/>\n<meta property=\"og:site_name\" content=\"Estatuto del Artista - ConArte\" \/>\n<meta property=\"article:publisher\" content=\"https:\/\/www.youtube.com\/channel\/UCkmRiNakmIVJ36IQkwouSGw\" \/>\n<meta property=\"article:published_time\" content=\"2024-03-17T11:07:12+00:00\" \/>\n<meta property=\"article:modified_time\" content=\"2024-05-21T14:24:39+00:00\" \/>\n<meta name=\"author\" content=\"John\" \/>\n<meta name=\"twitter:card\" content=\"summary_large_image\" \/>\n<meta name=\"twitter:label1\" content=\"Escrito por\" \/>\n\t<meta name=\"twitter:data1\" content=\"John\" \/>\n\t<meta name=\"twitter:label2\" content=\"Tempo de lectura\" \/>\n\t<meta name=\"twitter:data2\" content=\"2 minutos\" \/>\n<script type=\"application\/ld+json\" class=\"yoast-schema-graph\">{\"@context\":\"https:\/\/schema.org\",\"@graph\":[{\"@type\":\"Article\",\"@id\":\"https:\/\/estatutodelartista.com\/gl\/como-afecta-a-nomina-a-reducion-do-do-irpf#article\",\"isPartOf\":{\"@id\":\"https:\/\/estatutodelartista.com\/gl\/como-afecta-a-nomina-a-reducion-do-do-irpf\"},\"author\":{\"name\":\"John\",\"@id\":\"https:\/\/estatutodelartista.com\/gl#\/schema\/person\/6b3220ca521e5314484b7f3959dd208a\"},\"headline\":\"Como afecta \u00e1 n\u00f3mina a reduci\u00f3n do % do IRPF\",\"datePublished\":\"2024-03-17T11:07:12+00:00\",\"dateModified\":\"2024-05-21T14:24:39+00:00\",\"mainEntityOfPage\":{\"@id\":\"https:\/\/estatutodelartista.com\/gl\/como-afecta-a-nomina-a-reducion-do-do-irpf\"},\"wordCount\":417,\"publisher\":{\"@id\":\"https:\/\/estatutodelartista.com\/gl#organization\"},\"articleSection\":[\"Logros\"],\"inLanguage\":\"gl-ES\"},{\"@type\":\"WebPage\",\"@id\":\"https:\/\/estatutodelartista.com\/gl\/como-afecta-a-nomina-a-reducion-do-do-irpf\",\"url\":\"https:\/\/estatutodelartista.com\/gl\/como-afecta-a-nomina-a-reducion-do-do-irpf\",\"name\":\"Como afecta \u00e1 n\u00f3mina a reduci\u00f3n do % do IRPF - Estatuto del Artista - ConArte\",\"isPartOf\":{\"@id\":\"https:\/\/estatutodelartista.com\/gl#website\"},\"datePublished\":\"2024-03-17T11:07:12+00:00\",\"dateModified\":\"2024-05-21T14:24:39+00:00\",\"breadcrumb\":{\"@id\":\"https:\/\/estatutodelartista.com\/gl\/como-afecta-a-nomina-a-reducion-do-do-irpf#breadcrumb\"},\"inLanguage\":\"gl-ES\",\"potentialAction\":[{\"@type\":\"ReadAction\",\"target\":[\"https:\/\/estatutodelartista.com\/gl\/como-afecta-a-nomina-a-reducion-do-do-irpf\"]}]},{\"@type\":\"BreadcrumbList\",\"@id\":\"https:\/\/estatutodelartista.com\/gl\/como-afecta-a-nomina-a-reducion-do-do-irpf#breadcrumb\",\"itemListElement\":[{\"@type\":\"ListItem\",\"position\":1,\"name\":\"Portada\",\"item\":\"https:\/\/estatutodelartista.com\/gl\"},{\"@type\":\"ListItem\",\"position\":2,\"name\":\"Como afecta \u00e1 n\u00f3mina a reduci\u00f3n do % do IRPF\"}]},{\"@type\":\"WebSite\",\"@id\":\"https:\/\/estatutodelartista.com\/gl#website\",\"url\":\"https:\/\/estatutodelartista.com\/gl\",\"name\":\"Estatuto del Artista\",\"description\":\"La web dedicada al Estatuto del Artista - ConArte\",\"publisher\":{\"@id\":\"https:\/\/estatutodelartista.com\/gl#organization\"},\"potentialAction\":[{\"@type\":\"SearchAction\",\"target\":{\"@type\":\"EntryPoint\",\"urlTemplate\":\"https:\/\/estatutodelartista.com\/gl?s={search_term_string}\"},\"query-input\":{\"@type\":\"PropertyValueSpecification\",\"valueRequired\":true,\"valueName\":\"search_term_string\"}}],\"inLanguage\":\"gl-ES\"},{\"@type\":\"Organization\",\"@id\":\"https:\/\/estatutodelartista.com\/gl#organization\",\"name\":\"Estatuto del Artista\",\"url\":\"https:\/\/estatutodelartista.com\/gl\",\"logo\":{\"@type\":\"ImageObject\",\"inLanguage\":\"gl-ES\",\"@id\":\"https:\/\/estatutodelartista.com\/gl#\/schema\/logo\/image\/\",\"url\":\"https:\/\/estatutodelartista.com\/wp-content\/uploads\/2024\/03\/EDA-LOGO-rojo.svg\",\"contentUrl\":\"https:\/\/estatutodelartista.com\/wp-content\/uploads\/2024\/03\/EDA-LOGO-rojo.svg\",\"width\":300,\"height\":300,\"caption\":\"Estatuto del Artista\"},\"image\":{\"@id\":\"https:\/\/estatutodelartista.com\/gl#\/schema\/logo\/image\/\"},\"sameAs\":[\"https:\/\/www.youtube.com\/channel\/UCkmRiNakmIVJ36IQkwouSGw\",\"https:\/\/www.instagram.com\/conarte_artistas\/\"]},{\"@type\":\"Person\",\"@id\":\"https:\/\/estatutodelartista.com\/gl#\/schema\/person\/6b3220ca521e5314484b7f3959dd208a\",\"name\":\"John\",\"image\":{\"@type\":\"ImageObject\",\"inLanguage\":\"gl-ES\",\"@id\":\"https:\/\/estatutodelartista.com\/gl#\/schema\/person\/image\/\",\"url\":\"https:\/\/estatutodelartista.com\/wp-content\/litespeed\/avatar\/7d43e434a148352262065e6d9cd2ada3.jpg?ver=1777503832\",\"contentUrl\":\"https:\/\/estatutodelartista.com\/wp-content\/litespeed\/avatar\/7d43e434a148352262065e6d9cd2ada3.jpg?ver=1777503832\",\"caption\":\"John\"},\"url\":\"https:\/\/estatutodelartista.com\/gl\/author\/john\"}]}<\/script>\n<!-- \/ Yoast SEO plugin. -->","yoast_head_json":{"title":"Como afecta \u00e1 n\u00f3mina a reduci\u00f3n do % do IRPF - Estatuto del Artista - ConArte","robots":{"index":"index","follow":"follow","max-snippet":"max-snippet:-1","max-image-preview":"max-image-preview:large","max-video-preview":"max-video-preview:-1"},"canonical":"https:\/\/estatutodelartista.com\/gl\/como-afecta-a-nomina-a-reducion-do-do-irpf","og_locale":"gl_ES","og_type":"article","og_title":"Como afecta \u00e1 n\u00f3mina a reduci\u00f3n do % do IRPF - Estatuto del Artista - ConArte","og_description":"Historia.- Desde 1985, os artistas est\u00e1n suxeitos a un imposto sobre a renda (IRPF) do 15%, establecido pola lei. Non obstante, debido \u00e1 natureza variable dos seus ingresos, este imposto deber\u00eda ser idealmente do 2%. As\u00ed se decidiu porque os ingresos dos artistas son irregulares e \u00e9 dif\u00edcil prever canto ga\u00f1ar\u00e1n nun ano, polo que [&hellip;]","og_url":"https:\/\/estatutodelartista.com\/gl\/como-afecta-a-nomina-a-reducion-do-do-irpf","og_site_name":"Estatuto del Artista - ConArte","article_publisher":"https:\/\/www.youtube.com\/channel\/UCkmRiNakmIVJ36IQkwouSGw","article_published_time":"2024-03-17T11:07:12+00:00","article_modified_time":"2024-05-21T14:24:39+00:00","author":"John","twitter_card":"summary_large_image","twitter_misc":{"Escrito por":"John","Tempo de lectura":"2 minutos"},"schema":{"@context":"https:\/\/schema.org","@graph":[{"@type":"Article","@id":"https:\/\/estatutodelartista.com\/gl\/como-afecta-a-nomina-a-reducion-do-do-irpf#article","isPartOf":{"@id":"https:\/\/estatutodelartista.com\/gl\/como-afecta-a-nomina-a-reducion-do-do-irpf"},"author":{"name":"John","@id":"https:\/\/estatutodelartista.com\/gl#\/schema\/person\/6b3220ca521e5314484b7f3959dd208a"},"headline":"Como afecta \u00e1 n\u00f3mina a reduci\u00f3n do % do IRPF","datePublished":"2024-03-17T11:07:12+00:00","dateModified":"2024-05-21T14:24:39+00:00","mainEntityOfPage":{"@id":"https:\/\/estatutodelartista.com\/gl\/como-afecta-a-nomina-a-reducion-do-do-irpf"},"wordCount":417,"publisher":{"@id":"https:\/\/estatutodelartista.com\/gl#organization"},"articleSection":["Logros"],"inLanguage":"gl-ES"},{"@type":"WebPage","@id":"https:\/\/estatutodelartista.com\/gl\/como-afecta-a-nomina-a-reducion-do-do-irpf","url":"https:\/\/estatutodelartista.com\/gl\/como-afecta-a-nomina-a-reducion-do-do-irpf","name":"Como afecta \u00e1 n\u00f3mina a reduci\u00f3n do % do IRPF - Estatuto del Artista - ConArte","isPartOf":{"@id":"https:\/\/estatutodelartista.com\/gl#website"},"datePublished":"2024-03-17T11:07:12+00:00","dateModified":"2024-05-21T14:24:39+00:00","breadcrumb":{"@id":"https:\/\/estatutodelartista.com\/gl\/como-afecta-a-nomina-a-reducion-do-do-irpf#breadcrumb"},"inLanguage":"gl-ES","potentialAction":[{"@type":"ReadAction","target":["https:\/\/estatutodelartista.com\/gl\/como-afecta-a-nomina-a-reducion-do-do-irpf"]}]},{"@type":"BreadcrumbList","@id":"https:\/\/estatutodelartista.com\/gl\/como-afecta-a-nomina-a-reducion-do-do-irpf#breadcrumb","itemListElement":[{"@type":"ListItem","position":1,"name":"Portada","item":"https:\/\/estatutodelartista.com\/gl"},{"@type":"ListItem","position":2,"name":"Como afecta \u00e1 n\u00f3mina a reduci\u00f3n do % do IRPF"}]},{"@type":"WebSite","@id":"https:\/\/estatutodelartista.com\/gl#website","url":"https:\/\/estatutodelartista.com\/gl","name":"Estatuto del Artista","description":"La web dedicada al Estatuto del Artista - ConArte","publisher":{"@id":"https:\/\/estatutodelartista.com\/gl#organization"},"potentialAction":[{"@type":"SearchAction","target":{"@type":"EntryPoint","urlTemplate":"https:\/\/estatutodelartista.com\/gl?s={search_term_string}"},"query-input":{"@type":"PropertyValueSpecification","valueRequired":true,"valueName":"search_term_string"}}],"inLanguage":"gl-ES"},{"@type":"Organization","@id":"https:\/\/estatutodelartista.com\/gl#organization","name":"Estatuto del Artista","url":"https:\/\/estatutodelartista.com\/gl","logo":{"@type":"ImageObject","inLanguage":"gl-ES","@id":"https:\/\/estatutodelartista.com\/gl#\/schema\/logo\/image\/","url":"https:\/\/estatutodelartista.com\/wp-content\/uploads\/2024\/03\/EDA-LOGO-rojo.svg","contentUrl":"https:\/\/estatutodelartista.com\/wp-content\/uploads\/2024\/03\/EDA-LOGO-rojo.svg","width":300,"height":300,"caption":"Estatuto del Artista"},"image":{"@id":"https:\/\/estatutodelartista.com\/gl#\/schema\/logo\/image\/"},"sameAs":["https:\/\/www.youtube.com\/channel\/UCkmRiNakmIVJ36IQkwouSGw","https:\/\/www.instagram.com\/conarte_artistas\/"]},{"@type":"Person","@id":"https:\/\/estatutodelartista.com\/gl#\/schema\/person\/6b3220ca521e5314484b7f3959dd208a","name":"John","image":{"@type":"ImageObject","inLanguage":"gl-ES","@id":"https:\/\/estatutodelartista.com\/gl#\/schema\/person\/image\/","url":"https:\/\/estatutodelartista.com\/wp-content\/litespeed\/avatar\/7d43e434a148352262065e6d9cd2ada3.jpg?ver=1777503832","contentUrl":"https:\/\/estatutodelartista.com\/wp-content\/litespeed\/avatar\/7d43e434a148352262065e6d9cd2ada3.jpg?ver=1777503832","caption":"John"},"url":"https:\/\/estatutodelartista.com\/gl\/author\/john"}]}},"_links":{"self":[{"href":"https:\/\/estatutodelartista.com\/gl\/wp-json\/wp\/v2\/posts\/1028","targetHints":{"allow":["GET"]}}],"collection":[{"href":"https:\/\/estatutodelartista.com\/gl\/wp-json\/wp\/v2\/posts"}],"about":[{"href":"https:\/\/estatutodelartista.com\/gl\/wp-json\/wp\/v2\/types\/post"}],"author":[{"embeddable":true,"href":"https:\/\/estatutodelartista.com\/gl\/wp-json\/wp\/v2\/users\/2"}],"replies":[{"embeddable":true,"href":"https:\/\/estatutodelartista.com\/gl\/wp-json\/wp\/v2\/comments?post=1028"}],"version-history":[{"count":2,"href":"https:\/\/estatutodelartista.com\/gl\/wp-json\/wp\/v2\/posts\/1028\/revisions"}],"predecessor-version":[{"id":1038,"href":"https:\/\/estatutodelartista.com\/gl\/wp-json\/wp\/v2\/posts\/1028\/revisions\/1038"}],"wp:attachment":[{"href":"https:\/\/estatutodelartista.com\/gl\/wp-json\/wp\/v2\/media?parent=1028"}],"wp:term":[{"taxonomy":"category","embeddable":true,"href":"https:\/\/estatutodelartista.com\/gl\/wp-json\/wp\/v2\/categories?post=1028"},{"taxonomy":"post_tag","embeddable":true,"href":"https:\/\/estatutodelartista.com\/gl\/wp-json\/wp\/v2\/tags?post=1028"}],"curies":[{"name":"wp","href":"https:\/\/api.w.org\/{rel}","templated":true}]}}