{"id":1045,"date":"2024-03-17T10:07:50","date_gmt":"2024-03-17T10:07:50","guid":{"rendered":"https:\/\/estatutodelartista.com\/o-contrato-artistico"},"modified":"2024-11-13T14:57:02","modified_gmt":"2024-11-13T14:57:02","slug":"o-contrato-artistico","status":"publish","type":"post","link":"https:\/\/estatutodelartista.com\/gl\/o-contrato-artistico","title":{"rendered":"O contrato art\u00edstico"},"content":{"rendered":"\n<pre id=\"contrato\" class=\"wp-block-code\"><code><\/code><\/pre>\n\n<p>A recente reforma laboral suprimiu o contrato de traballo, fundamental no \u00e1mbito art\u00edstico, onde a contrataci\u00f3n temporal \u00e9 a norma. Esta medida xerou dificultades porque ning\u00fan outro tipo de contrato estaba axeitadamente adaptado \u00e1s particularidades do sector cultural.  <\/p>\n\n<p>Ante esta situaci\u00f3n, o Goberno tivo que intervir e crear un novo tipo de contrato denominado \u201cContrato Art\u00edstico\u201d para cubrir o baleiro que deixou a desaparici\u00f3n do contrato de obra.<\/p>\n\n<p><strong>Caracter\u00edsticas do contrato.-  <\/strong><\/p>\n\n<p>Este contrato de traballo pode ser de longa duraci\u00f3n ou temporal, dependendo das necesidades da empresa. Pode ser para unha actuaci\u00f3n espec\u00edfica, unha tempada ou mentres unha obra est\u00e1 en produci\u00f3n.<\/p>\n\n<p>Deber\u00e1 estar por escrito e detallar as condici\u00f3ns de traballo. Tam\u00e9n debe explicar claramente por que se fai o contrato e durante canto tempo.<\/p>\n\n<p>Este tipo de contrato s\u00f3 se utiliza para a contrataci\u00f3n de persoal t\u00e9cnico e auxiliar para traballos art\u00edsticos, salvo que o traballo sexa fixo na empresa.<\/p>\n\n<p><br\/><strong>Regra.-<\/strong>  Real decreto lei 32\/2021, do 28 de decembro, de medidas urxentes para a reforma laboral, garantindo a estabilidade no emprego e a transformaci\u00f3n do mercado de traballo (reforma laboral) e o Real decreto lei 5\/2022, do 22 de decembro, polo que se adapta o r\u00e9xime especial de emprego. r\u00e9xime de relaci\u00f3n das persoas dedicadas a actividades art\u00edsticas e mellora as condici\u00f3ns laborais das persoas que traballan neste \u00e1mbito profesional.<\/p>\n","protected":false},"excerpt":{"rendered":"<p>A recente reforma laboral suprimiu o contrato de traballo, fundamental no \u00e1mbito art\u00edstico, onde a contrataci\u00f3n temporal \u00e9 a norma. Esta medida xerou dificultades porque ning\u00fan outro tipo de contrato estaba axeitadamente adaptado \u00e1s particularidades do sector cultural. Ante esta situaci\u00f3n, o Goberno tivo que intervir e crear un novo tipo de contrato denominado \u201cContrato [&hellip;]<\/p>\n","protected":false},"author":2,"featured_media":0,"comment_status":"closed","ping_status":"closed","sticky":false,"template":"","format":"standard","meta":{"footnotes":""},"categories":[29],"tags":[],"class_list":["post-1045","post","type-post","status-publish","format-standard","hentry","category-logros-gl"],"yoast_head":"<!-- This site is optimized with the Yoast SEO plugin v27.1.1 - https:\/\/yoast.com\/product\/yoast-seo-wordpress\/ -->\n<title>O contrato art\u00edstico - Estatuto del Artista - ConArte<\/title>\n<meta name=\"robots\" content=\"index, follow, max-snippet:-1, max-image-preview:large, max-video-preview:-1\" \/>\n<link rel=\"canonical\" href=\"https:\/\/estatutodelartista.com\/gl\/o-contrato-artistico\" \/>\n<meta property=\"og:locale\" content=\"gl_ES\" \/>\n<meta property=\"og:type\" content=\"article\" \/>\n<meta property=\"og:title\" content=\"O contrato art\u00edstico - Estatuto del Artista - ConArte\" \/>\n<meta property=\"og:description\" content=\"A recente reforma laboral suprimiu o contrato de traballo, fundamental no \u00e1mbito art\u00edstico, onde a contrataci\u00f3n temporal \u00e9 a norma. Esta medida xerou dificultades porque ning\u00fan outro tipo de contrato estaba axeitadamente adaptado \u00e1s particularidades do sector cultural. Ante esta situaci\u00f3n, o Goberno tivo que intervir e crear un novo tipo de contrato denominado \u201cContrato [&hellip;]\" \/>\n<meta property=\"og:url\" content=\"https:\/\/estatutodelartista.com\/gl\/o-contrato-artistico\" \/>\n<meta property=\"og:site_name\" content=\"Estatuto del Artista - ConArte\" \/>\n<meta property=\"article:publisher\" content=\"https:\/\/www.youtube.com\/channel\/UCkmRiNakmIVJ36IQkwouSGw\" \/>\n<meta property=\"article:published_time\" content=\"2024-03-17T10:07:50+00:00\" \/>\n<meta property=\"article:modified_time\" content=\"2024-11-13T14:57:02+00:00\" \/>\n<meta name=\"author\" content=\"John\" \/>\n<meta name=\"twitter:card\" content=\"summary_large_image\" \/>\n<meta name=\"twitter:label1\" content=\"Escrito por\" \/>\n\t<meta name=\"twitter:data1\" content=\"John\" \/>\n\t<meta name=\"twitter:label2\" content=\"Tempo de lectura\" \/>\n\t<meta name=\"twitter:data2\" content=\"2 minutos\" \/>\n<script type=\"application\/ld+json\" class=\"yoast-schema-graph\">{\"@context\":\"https:\/\/schema.org\",\"@graph\":[{\"@type\":\"Article\",\"@id\":\"https:\/\/estatutodelartista.com\/gl\/o-contrato-artistico#article\",\"isPartOf\":{\"@id\":\"https:\/\/estatutodelartista.com\/gl\/o-contrato-artistico\"},\"author\":{\"name\":\"John\",\"@id\":\"https:\/\/estatutodelartista.com\/gl#\/schema\/person\/6b3220ca521e5314484b7f3959dd208a\"},\"headline\":\"O contrato art\u00edstico\",\"datePublished\":\"2024-03-17T10:07:50+00:00\",\"dateModified\":\"2024-11-13T14:57:02+00:00\",\"mainEntityOfPage\":{\"@id\":\"https:\/\/estatutodelartista.com\/gl\/o-contrato-artistico\"},\"wordCount\":245,\"publisher\":{\"@id\":\"https:\/\/estatutodelartista.com\/gl#organization\"},\"articleSection\":[\"Logros\"],\"inLanguage\":\"gl-ES\"},{\"@type\":\"WebPage\",\"@id\":\"https:\/\/estatutodelartista.com\/gl\/o-contrato-artistico\",\"url\":\"https:\/\/estatutodelartista.com\/gl\/o-contrato-artistico\",\"name\":\"O contrato art\u00edstico - Estatuto del Artista - ConArte\",\"isPartOf\":{\"@id\":\"https:\/\/estatutodelartista.com\/gl#website\"},\"datePublished\":\"2024-03-17T10:07:50+00:00\",\"dateModified\":\"2024-11-13T14:57:02+00:00\",\"breadcrumb\":{\"@id\":\"https:\/\/estatutodelartista.com\/gl\/o-contrato-artistico#breadcrumb\"},\"inLanguage\":\"gl-ES\",\"potentialAction\":[{\"@type\":\"ReadAction\",\"target\":[\"https:\/\/estatutodelartista.com\/gl\/o-contrato-artistico\"]}]},{\"@type\":\"BreadcrumbList\",\"@id\":\"https:\/\/estatutodelartista.com\/gl\/o-contrato-artistico#breadcrumb\",\"itemListElement\":[{\"@type\":\"ListItem\",\"position\":1,\"name\":\"Portada\",\"item\":\"https:\/\/estatutodelartista.com\/gl\"},{\"@type\":\"ListItem\",\"position\":2,\"name\":\"O contrato art\u00edstico\"}]},{\"@type\":\"WebSite\",\"@id\":\"https:\/\/estatutodelartista.com\/gl#website\",\"url\":\"https:\/\/estatutodelartista.com\/gl\",\"name\":\"Estatuto del Artista\",\"description\":\"La web dedicada al Estatuto del Artista - ConArte\",\"publisher\":{\"@id\":\"https:\/\/estatutodelartista.com\/gl#organization\"},\"potentialAction\":[{\"@type\":\"SearchAction\",\"target\":{\"@type\":\"EntryPoint\",\"urlTemplate\":\"https:\/\/estatutodelartista.com\/gl?s={search_term_string}\"},\"query-input\":{\"@type\":\"PropertyValueSpecification\",\"valueRequired\":true,\"valueName\":\"search_term_string\"}}],\"inLanguage\":\"gl-ES\"},{\"@type\":\"Organization\",\"@id\":\"https:\/\/estatutodelartista.com\/gl#organization\",\"name\":\"Estatuto del Artista\",\"url\":\"https:\/\/estatutodelartista.com\/gl\",\"logo\":{\"@type\":\"ImageObject\",\"inLanguage\":\"gl-ES\",\"@id\":\"https:\/\/estatutodelartista.com\/gl#\/schema\/logo\/image\/\",\"url\":\"https:\/\/estatutodelartista.com\/wp-content\/uploads\/2024\/03\/EDA-LOGO-rojo.svg\",\"contentUrl\":\"https:\/\/estatutodelartista.com\/wp-content\/uploads\/2024\/03\/EDA-LOGO-rojo.svg\",\"width\":300,\"height\":300,\"caption\":\"Estatuto del Artista\"},\"image\":{\"@id\":\"https:\/\/estatutodelartista.com\/gl#\/schema\/logo\/image\/\"},\"sameAs\":[\"https:\/\/www.youtube.com\/channel\/UCkmRiNakmIVJ36IQkwouSGw\",\"https:\/\/www.instagram.com\/conarte_artistas\/\"]},{\"@type\":\"Person\",\"@id\":\"https:\/\/estatutodelartista.com\/gl#\/schema\/person\/6b3220ca521e5314484b7f3959dd208a\",\"name\":\"John\",\"image\":{\"@type\":\"ImageObject\",\"inLanguage\":\"gl-ES\",\"@id\":\"https:\/\/estatutodelartista.com\/gl#\/schema\/person\/image\/\",\"url\":\"https:\/\/estatutodelartista.com\/wp-content\/litespeed\/avatar\/7d43e434a148352262065e6d9cd2ada3.jpg?ver=1777503832\",\"contentUrl\":\"https:\/\/estatutodelartista.com\/wp-content\/litespeed\/avatar\/7d43e434a148352262065e6d9cd2ada3.jpg?ver=1777503832\",\"caption\":\"John\"},\"url\":\"https:\/\/estatutodelartista.com\/gl\/author\/john\"}]}<\/script>\n<!-- \/ Yoast SEO plugin. -->","yoast_head_json":{"title":"O contrato art\u00edstico - Estatuto del Artista - ConArte","robots":{"index":"index","follow":"follow","max-snippet":"max-snippet:-1","max-image-preview":"max-image-preview:large","max-video-preview":"max-video-preview:-1"},"canonical":"https:\/\/estatutodelartista.com\/gl\/o-contrato-artistico","og_locale":"gl_ES","og_type":"article","og_title":"O contrato art\u00edstico - Estatuto del Artista - ConArte","og_description":"A recente reforma laboral suprimiu o contrato de traballo, fundamental no \u00e1mbito art\u00edstico, onde a contrataci\u00f3n temporal \u00e9 a norma. Esta medida xerou dificultades porque ning\u00fan outro tipo de contrato estaba axeitadamente adaptado \u00e1s particularidades do sector cultural. Ante esta situaci\u00f3n, o Goberno tivo que intervir e crear un novo tipo de contrato denominado \u201cContrato [&hellip;]","og_url":"https:\/\/estatutodelartista.com\/gl\/o-contrato-artistico","og_site_name":"Estatuto del Artista - ConArte","article_publisher":"https:\/\/www.youtube.com\/channel\/UCkmRiNakmIVJ36IQkwouSGw","article_published_time":"2024-03-17T10:07:50+00:00","article_modified_time":"2024-11-13T14:57:02+00:00","author":"John","twitter_card":"summary_large_image","twitter_misc":{"Escrito por":"John","Tempo de lectura":"2 minutos"},"schema":{"@context":"https:\/\/schema.org","@graph":[{"@type":"Article","@id":"https:\/\/estatutodelartista.com\/gl\/o-contrato-artistico#article","isPartOf":{"@id":"https:\/\/estatutodelartista.com\/gl\/o-contrato-artistico"},"author":{"name":"John","@id":"https:\/\/estatutodelartista.com\/gl#\/schema\/person\/6b3220ca521e5314484b7f3959dd208a"},"headline":"O contrato art\u00edstico","datePublished":"2024-03-17T10:07:50+00:00","dateModified":"2024-11-13T14:57:02+00:00","mainEntityOfPage":{"@id":"https:\/\/estatutodelartista.com\/gl\/o-contrato-artistico"},"wordCount":245,"publisher":{"@id":"https:\/\/estatutodelartista.com\/gl#organization"},"articleSection":["Logros"],"inLanguage":"gl-ES"},{"@type":"WebPage","@id":"https:\/\/estatutodelartista.com\/gl\/o-contrato-artistico","url":"https:\/\/estatutodelartista.com\/gl\/o-contrato-artistico","name":"O contrato art\u00edstico - Estatuto del Artista - ConArte","isPartOf":{"@id":"https:\/\/estatutodelartista.com\/gl#website"},"datePublished":"2024-03-17T10:07:50+00:00","dateModified":"2024-11-13T14:57:02+00:00","breadcrumb":{"@id":"https:\/\/estatutodelartista.com\/gl\/o-contrato-artistico#breadcrumb"},"inLanguage":"gl-ES","potentialAction":[{"@type":"ReadAction","target":["https:\/\/estatutodelartista.com\/gl\/o-contrato-artistico"]}]},{"@type":"BreadcrumbList","@id":"https:\/\/estatutodelartista.com\/gl\/o-contrato-artistico#breadcrumb","itemListElement":[{"@type":"ListItem","position":1,"name":"Portada","item":"https:\/\/estatutodelartista.com\/gl"},{"@type":"ListItem","position":2,"name":"O contrato art\u00edstico"}]},{"@type":"WebSite","@id":"https:\/\/estatutodelartista.com\/gl#website","url":"https:\/\/estatutodelartista.com\/gl","name":"Estatuto del Artista","description":"La web dedicada al Estatuto del Artista - ConArte","publisher":{"@id":"https:\/\/estatutodelartista.com\/gl#organization"},"potentialAction":[{"@type":"SearchAction","target":{"@type":"EntryPoint","urlTemplate":"https:\/\/estatutodelartista.com\/gl?s={search_term_string}"},"query-input":{"@type":"PropertyValueSpecification","valueRequired":true,"valueName":"search_term_string"}}],"inLanguage":"gl-ES"},{"@type":"Organization","@id":"https:\/\/estatutodelartista.com\/gl#organization","name":"Estatuto del Artista","url":"https:\/\/estatutodelartista.com\/gl","logo":{"@type":"ImageObject","inLanguage":"gl-ES","@id":"https:\/\/estatutodelartista.com\/gl#\/schema\/logo\/image\/","url":"https:\/\/estatutodelartista.com\/wp-content\/uploads\/2024\/03\/EDA-LOGO-rojo.svg","contentUrl":"https:\/\/estatutodelartista.com\/wp-content\/uploads\/2024\/03\/EDA-LOGO-rojo.svg","width":300,"height":300,"caption":"Estatuto del Artista"},"image":{"@id":"https:\/\/estatutodelartista.com\/gl#\/schema\/logo\/image\/"},"sameAs":["https:\/\/www.youtube.com\/channel\/UCkmRiNakmIVJ36IQkwouSGw","https:\/\/www.instagram.com\/conarte_artistas\/"]},{"@type":"Person","@id":"https:\/\/estatutodelartista.com\/gl#\/schema\/person\/6b3220ca521e5314484b7f3959dd208a","name":"John","image":{"@type":"ImageObject","inLanguage":"gl-ES","@id":"https:\/\/estatutodelartista.com\/gl#\/schema\/person\/image\/","url":"https:\/\/estatutodelartista.com\/wp-content\/litespeed\/avatar\/7d43e434a148352262065e6d9cd2ada3.jpg?ver=1777503832","contentUrl":"https:\/\/estatutodelartista.com\/wp-content\/litespeed\/avatar\/7d43e434a148352262065e6d9cd2ada3.jpg?ver=1777503832","caption":"John"},"url":"https:\/\/estatutodelartista.com\/gl\/author\/john"}]}},"_links":{"self":[{"href":"https:\/\/estatutodelartista.com\/gl\/wp-json\/wp\/v2\/posts\/1045","targetHints":{"allow":["GET"]}}],"collection":[{"href":"https:\/\/estatutodelartista.com\/gl\/wp-json\/wp\/v2\/posts"}],"about":[{"href":"https:\/\/estatutodelartista.com\/gl\/wp-json\/wp\/v2\/types\/post"}],"author":[{"embeddable":true,"href":"https:\/\/estatutodelartista.com\/gl\/wp-json\/wp\/v2\/users\/2"}],"replies":[{"embeddable":true,"href":"https:\/\/estatutodelartista.com\/gl\/wp-json\/wp\/v2\/comments?post=1045"}],"version-history":[{"count":2,"href":"https:\/\/estatutodelartista.com\/gl\/wp-json\/wp\/v2\/posts\/1045\/revisions"}],"predecessor-version":[{"id":1052,"href":"https:\/\/estatutodelartista.com\/gl\/wp-json\/wp\/v2\/posts\/1045\/revisions\/1052"}],"wp:attachment":[{"href":"https:\/\/estatutodelartista.com\/gl\/wp-json\/wp\/v2\/media?parent=1045"}],"wp:term":[{"taxonomy":"category","embeddable":true,"href":"https:\/\/estatutodelartista.com\/gl\/wp-json\/wp\/v2\/categories?post=1045"},{"taxonomy":"post_tag","embeddable":true,"href":"https:\/\/estatutodelartista.com\/gl\/wp-json\/wp\/v2\/tags?post=1045"}],"curies":[{"name":"wp","href":"https:\/\/api.w.org\/{rel}","templated":true}]}}