{"id":1056,"date":"2024-03-17T12:04:01","date_gmt":"2024-03-17T12:04:01","guid":{"rendered":"https:\/\/estatutodelartista.com\/que-e-a-compatibilidade-de-xubilacion-alcance-e-funcionamento"},"modified":"2024-05-21T14:24:39","modified_gmt":"2024-05-21T14:24:39","slug":"que-e-a-compatibilidade-de-xubilacion-alcance-e-funcionamento","status":"publish","type":"post","link":"https:\/\/estatutodelartista.com\/gl\/que-e-a-compatibilidade-de-xubilacion-alcance-e-funcionamento","title":{"rendered":"Que \u00e9 a compatibilidade de xubilaci\u00f3n? Alcance e funcionamento."},"content":{"rendered":"\n<p id=\"jubilacion\">O reco\u00f1ecemento da compatibilidade entre a actividade art\u00edstica e as prestaci\u00f3ns sociais foi evolucionando paulatinamente. Inicialmente, aceptouse que a pensi\u00f3n de xubilaci\u00f3n era compatible cos dereitos de propiedade intelectual. Posteriormente, ampliouse para inclu\u00edr as pensi\u00f3ns de xubilaci\u00f3n das clases pasivas. Finalmente, conseguiuse que as pensi\u00f3ns de xubilaci\u00f3n, tanto contributivas como non contributivas, fosen compatibles coas actividades art\u00edsticas, sexan por conta allea ou por conta propia.<\/p>\n\n<p><strong>Que significa compatibilidade?<\/strong>&#8211; Cando un artista xubilado, que non se xubilou anticipadamente, realice actuaci\u00f3ns, concertos ou sesi\u00f3ns, segue cobrando o 100% da s\u00faa pensi\u00f3n. \u00c9 dicir, os d\u00edas que traballas non se descontan da t\u00faa pensi\u00f3n. Non obstante, na s\u00faa n\u00f3mina a empresa descontar\u00e1 o 6% das bases de cotizaci\u00f3n declaradas como achega solidaria ao sistema.<\/p>\n\n<p><strong>Cando comezou a aplicarse.-<\/strong> A partir do 1 de abril de 2023.<\/p>\n\n<p><strong>Non se aplica a compatibilidade.-<\/strong> Cando unha persoa xubilada realice actividades art\u00edsticas ademais doutras labores, sexan por conta allea ou por conta propia non relacionadas coa arte, o sistema non aplica deduci\u00f3ns na s\u00faa pensi\u00f3n. Tam\u00e9n \u00e9 v\u00e1lido para aqueles que se xubilen anticipadamente e a\u00ednda non te\u00f1an cumprida a idade ordinaria de xubilaci\u00f3n (67 anos ou 65 anos con 38 anos e 6 meses de cotizaci\u00f3n).<\/p>\n\n<p><strong>Casos especiais.-<\/strong> Non ser\u00e1 de aplicaci\u00f3n a compatibilidade entre a pensi\u00f3n e a actividade art\u00edstica se o artista xubilado opta por suspender o cobro da pensi\u00f3n durante os per\u00edodos nos que realice actividades art\u00edsticas. Isto deber\u00e1 ser comunicado tanto \u00e1 empresa como ao Instituto Nacional da Seguridade Social. Por exemplo, se o artista desexa seguir contribu\u00edndo a aumentar a porcentaxe da s\u00faa base reguladora ao ter aportado un ano adicional completo.<\/p>\n\n<p><strong>Onde se regula.-<\/strong> No Real decreto lei 1\/2023, do 10 de xaneiro, de medidas urxentes en materia de incentivos \u00e1 contrataci\u00f3n laboral e mellora da protecci\u00f3n social dos artistas.<\/p>\n","protected":false},"excerpt":{"rendered":"<p>O reco\u00f1ecemento da compatibilidade entre a actividade art\u00edstica e as prestaci\u00f3ns sociais foi evolucionando paulatinamente. Inicialmente, aceptouse que a pensi\u00f3n de xubilaci\u00f3n era compatible cos dereitos de propiedade intelectual. Posteriormente, ampliouse para inclu\u00edr as pensi\u00f3ns de xubilaci\u00f3n das clases pasivas. Finalmente, conseguiuse que as pensi\u00f3ns de xubilaci\u00f3n, tanto contributivas como non contributivas, fosen compatibles coas [&hellip;]<\/p>\n","protected":false},"author":2,"featured_media":0,"comment_status":"closed","ping_status":"closed","sticky":false,"template":"","format":"standard","meta":{"footnotes":""},"categories":[29],"tags":[],"class_list":["post-1056","post","type-post","status-publish","format-standard","hentry","category-logros-gl"],"yoast_head":"<!-- This site is optimized with the Yoast SEO plugin v27.1.1 - https:\/\/yoast.com\/product\/yoast-seo-wordpress\/ -->\n<title>Que \u00e9 a compatibilidade de xubilaci\u00f3n? Alcance e funcionamento. - Estatuto del Artista - ConArte<\/title>\n<meta name=\"robots\" content=\"index, follow, max-snippet:-1, max-image-preview:large, max-video-preview:-1\" \/>\n<link rel=\"canonical\" href=\"https:\/\/estatutodelartista.com\/gl\/que-e-a-compatibilidade-de-xubilacion-alcance-e-funcionamento\" \/>\n<meta property=\"og:locale\" content=\"gl_ES\" \/>\n<meta property=\"og:type\" content=\"article\" \/>\n<meta property=\"og:title\" content=\"Que \u00e9 a compatibilidade de xubilaci\u00f3n? Alcance e funcionamento. - Estatuto del Artista - ConArte\" \/>\n<meta property=\"og:description\" content=\"O reco\u00f1ecemento da compatibilidade entre a actividade art\u00edstica e as prestaci\u00f3ns sociais foi evolucionando paulatinamente. Inicialmente, aceptouse que a pensi\u00f3n de xubilaci\u00f3n era compatible cos dereitos de propiedade intelectual. Posteriormente, ampliouse para inclu\u00edr as pensi\u00f3ns de xubilaci\u00f3n das clases pasivas. Finalmente, conseguiuse que as pensi\u00f3ns de xubilaci\u00f3n, tanto contributivas como non contributivas, fosen compatibles coas [&hellip;]\" \/>\n<meta property=\"og:url\" content=\"https:\/\/estatutodelartista.com\/gl\/que-e-a-compatibilidade-de-xubilacion-alcance-e-funcionamento\" \/>\n<meta property=\"og:site_name\" content=\"Estatuto del Artista - ConArte\" \/>\n<meta property=\"article:publisher\" content=\"https:\/\/www.youtube.com\/channel\/UCkmRiNakmIVJ36IQkwouSGw\" \/>\n<meta property=\"article:published_time\" content=\"2024-03-17T12:04:01+00:00\" \/>\n<meta property=\"article:modified_time\" content=\"2024-05-21T14:24:39+00:00\" \/>\n<meta name=\"author\" content=\"John\" \/>\n<meta name=\"twitter:card\" content=\"summary_large_image\" \/>\n<meta name=\"twitter:label1\" content=\"Escrito por\" \/>\n\t<meta name=\"twitter:data1\" content=\"John\" \/>\n\t<meta name=\"twitter:label2\" content=\"Tempo de lectura\" \/>\n\t<meta name=\"twitter:data2\" content=\"2 minutos\" \/>\n<script type=\"application\/ld+json\" class=\"yoast-schema-graph\">{\"@context\":\"https:\/\/schema.org\",\"@graph\":[{\"@type\":\"Article\",\"@id\":\"https:\/\/estatutodelartista.com\/gl\/que-e-a-compatibilidade-de-xubilacion-alcance-e-funcionamento#article\",\"isPartOf\":{\"@id\":\"https:\/\/estatutodelartista.com\/gl\/que-e-a-compatibilidade-de-xubilacion-alcance-e-funcionamento\"},\"author\":{\"name\":\"John\",\"@id\":\"https:\/\/estatutodelartista.com\/gl#\/schema\/person\/6b3220ca521e5314484b7f3959dd208a\"},\"headline\":\"Que \u00e9 a compatibilidade de xubilaci\u00f3n? Alcance e funcionamento.\",\"datePublished\":\"2024-03-17T12:04:01+00:00\",\"dateModified\":\"2024-05-21T14:24:39+00:00\",\"mainEntityOfPage\":{\"@id\":\"https:\/\/estatutodelartista.com\/gl\/que-e-a-compatibilidade-de-xubilacion-alcance-e-funcionamento\"},\"wordCount\":341,\"publisher\":{\"@id\":\"https:\/\/estatutodelartista.com\/gl#organization\"},\"articleSection\":[\"Logros\"],\"inLanguage\":\"gl-ES\"},{\"@type\":\"WebPage\",\"@id\":\"https:\/\/estatutodelartista.com\/gl\/que-e-a-compatibilidade-de-xubilacion-alcance-e-funcionamento\",\"url\":\"https:\/\/estatutodelartista.com\/gl\/que-e-a-compatibilidade-de-xubilacion-alcance-e-funcionamento\",\"name\":\"Que \u00e9 a compatibilidade de xubilaci\u00f3n? Alcance e funcionamento. - Estatuto del Artista - ConArte\",\"isPartOf\":{\"@id\":\"https:\/\/estatutodelartista.com\/gl#website\"},\"datePublished\":\"2024-03-17T12:04:01+00:00\",\"dateModified\":\"2024-05-21T14:24:39+00:00\",\"breadcrumb\":{\"@id\":\"https:\/\/estatutodelartista.com\/gl\/que-e-a-compatibilidade-de-xubilacion-alcance-e-funcionamento#breadcrumb\"},\"inLanguage\":\"gl-ES\",\"potentialAction\":[{\"@type\":\"ReadAction\",\"target\":[\"https:\/\/estatutodelartista.com\/gl\/que-e-a-compatibilidade-de-xubilacion-alcance-e-funcionamento\"]}]},{\"@type\":\"BreadcrumbList\",\"@id\":\"https:\/\/estatutodelartista.com\/gl\/que-e-a-compatibilidade-de-xubilacion-alcance-e-funcionamento#breadcrumb\",\"itemListElement\":[{\"@type\":\"ListItem\",\"position\":1,\"name\":\"Portada\",\"item\":\"https:\/\/estatutodelartista.com\/gl\"},{\"@type\":\"ListItem\",\"position\":2,\"name\":\"Que \u00e9 a compatibilidade de xubilaci\u00f3n? Alcance e funcionamento.\"}]},{\"@type\":\"WebSite\",\"@id\":\"https:\/\/estatutodelartista.com\/gl#website\",\"url\":\"https:\/\/estatutodelartista.com\/gl\",\"name\":\"Estatuto del Artista\",\"description\":\"La web dedicada al Estatuto del Artista - ConArte\",\"publisher\":{\"@id\":\"https:\/\/estatutodelartista.com\/gl#organization\"},\"potentialAction\":[{\"@type\":\"SearchAction\",\"target\":{\"@type\":\"EntryPoint\",\"urlTemplate\":\"https:\/\/estatutodelartista.com\/gl?s={search_term_string}\"},\"query-input\":{\"@type\":\"PropertyValueSpecification\",\"valueRequired\":true,\"valueName\":\"search_term_string\"}}],\"inLanguage\":\"gl-ES\"},{\"@type\":\"Organization\",\"@id\":\"https:\/\/estatutodelartista.com\/gl#organization\",\"name\":\"Estatuto del Artista\",\"url\":\"https:\/\/estatutodelartista.com\/gl\",\"logo\":{\"@type\":\"ImageObject\",\"inLanguage\":\"gl-ES\",\"@id\":\"https:\/\/estatutodelartista.com\/gl#\/schema\/logo\/image\/\",\"url\":\"https:\/\/estatutodelartista.com\/wp-content\/uploads\/2024\/03\/EDA-LOGO-rojo.svg\",\"contentUrl\":\"https:\/\/estatutodelartista.com\/wp-content\/uploads\/2024\/03\/EDA-LOGO-rojo.svg\",\"width\":300,\"height\":300,\"caption\":\"Estatuto del Artista\"},\"image\":{\"@id\":\"https:\/\/estatutodelartista.com\/gl#\/schema\/logo\/image\/\"},\"sameAs\":[\"https:\/\/www.youtube.com\/channel\/UCkmRiNakmIVJ36IQkwouSGw\",\"https:\/\/www.instagram.com\/conarte_artistas\/\"]},{\"@type\":\"Person\",\"@id\":\"https:\/\/estatutodelartista.com\/gl#\/schema\/person\/6b3220ca521e5314484b7f3959dd208a\",\"name\":\"John\",\"image\":{\"@type\":\"ImageObject\",\"inLanguage\":\"gl-ES\",\"@id\":\"https:\/\/estatutodelartista.com\/gl#\/schema\/person\/image\/\",\"url\":\"https:\/\/estatutodelartista.com\/wp-content\/litespeed\/avatar\/7d43e434a148352262065e6d9cd2ada3.jpg?ver=1777503832\",\"contentUrl\":\"https:\/\/estatutodelartista.com\/wp-content\/litespeed\/avatar\/7d43e434a148352262065e6d9cd2ada3.jpg?ver=1777503832\",\"caption\":\"John\"},\"url\":\"https:\/\/estatutodelartista.com\/gl\/author\/john\"}]}<\/script>\n<!-- \/ Yoast SEO plugin. -->","yoast_head_json":{"title":"Que \u00e9 a compatibilidade de xubilaci\u00f3n? Alcance e funcionamento. - Estatuto del Artista - ConArte","robots":{"index":"index","follow":"follow","max-snippet":"max-snippet:-1","max-image-preview":"max-image-preview:large","max-video-preview":"max-video-preview:-1"},"canonical":"https:\/\/estatutodelartista.com\/gl\/que-e-a-compatibilidade-de-xubilacion-alcance-e-funcionamento","og_locale":"gl_ES","og_type":"article","og_title":"Que \u00e9 a compatibilidade de xubilaci\u00f3n? Alcance e funcionamento. - Estatuto del Artista - ConArte","og_description":"O reco\u00f1ecemento da compatibilidade entre a actividade art\u00edstica e as prestaci\u00f3ns sociais foi evolucionando paulatinamente. Inicialmente, aceptouse que a pensi\u00f3n de xubilaci\u00f3n era compatible cos dereitos de propiedade intelectual. Posteriormente, ampliouse para inclu\u00edr as pensi\u00f3ns de xubilaci\u00f3n das clases pasivas. Finalmente, conseguiuse que as pensi\u00f3ns de xubilaci\u00f3n, tanto contributivas como non contributivas, fosen compatibles coas [&hellip;]","og_url":"https:\/\/estatutodelartista.com\/gl\/que-e-a-compatibilidade-de-xubilacion-alcance-e-funcionamento","og_site_name":"Estatuto del Artista - ConArte","article_publisher":"https:\/\/www.youtube.com\/channel\/UCkmRiNakmIVJ36IQkwouSGw","article_published_time":"2024-03-17T12:04:01+00:00","article_modified_time":"2024-05-21T14:24:39+00:00","author":"John","twitter_card":"summary_large_image","twitter_misc":{"Escrito por":"John","Tempo de lectura":"2 minutos"},"schema":{"@context":"https:\/\/schema.org","@graph":[{"@type":"Article","@id":"https:\/\/estatutodelartista.com\/gl\/que-e-a-compatibilidade-de-xubilacion-alcance-e-funcionamento#article","isPartOf":{"@id":"https:\/\/estatutodelartista.com\/gl\/que-e-a-compatibilidade-de-xubilacion-alcance-e-funcionamento"},"author":{"name":"John","@id":"https:\/\/estatutodelartista.com\/gl#\/schema\/person\/6b3220ca521e5314484b7f3959dd208a"},"headline":"Que \u00e9 a compatibilidade de xubilaci\u00f3n? Alcance e funcionamento.","datePublished":"2024-03-17T12:04:01+00:00","dateModified":"2024-05-21T14:24:39+00:00","mainEntityOfPage":{"@id":"https:\/\/estatutodelartista.com\/gl\/que-e-a-compatibilidade-de-xubilacion-alcance-e-funcionamento"},"wordCount":341,"publisher":{"@id":"https:\/\/estatutodelartista.com\/gl#organization"},"articleSection":["Logros"],"inLanguage":"gl-ES"},{"@type":"WebPage","@id":"https:\/\/estatutodelartista.com\/gl\/que-e-a-compatibilidade-de-xubilacion-alcance-e-funcionamento","url":"https:\/\/estatutodelartista.com\/gl\/que-e-a-compatibilidade-de-xubilacion-alcance-e-funcionamento","name":"Que \u00e9 a compatibilidade de xubilaci\u00f3n? Alcance e funcionamento. - Estatuto del Artista - ConArte","isPartOf":{"@id":"https:\/\/estatutodelartista.com\/gl#website"},"datePublished":"2024-03-17T12:04:01+00:00","dateModified":"2024-05-21T14:24:39+00:00","breadcrumb":{"@id":"https:\/\/estatutodelartista.com\/gl\/que-e-a-compatibilidade-de-xubilacion-alcance-e-funcionamento#breadcrumb"},"inLanguage":"gl-ES","potentialAction":[{"@type":"ReadAction","target":["https:\/\/estatutodelartista.com\/gl\/que-e-a-compatibilidade-de-xubilacion-alcance-e-funcionamento"]}]},{"@type":"BreadcrumbList","@id":"https:\/\/estatutodelartista.com\/gl\/que-e-a-compatibilidade-de-xubilacion-alcance-e-funcionamento#breadcrumb","itemListElement":[{"@type":"ListItem","position":1,"name":"Portada","item":"https:\/\/estatutodelartista.com\/gl"},{"@type":"ListItem","position":2,"name":"Que \u00e9 a compatibilidade de xubilaci\u00f3n? Alcance e funcionamento."}]},{"@type":"WebSite","@id":"https:\/\/estatutodelartista.com\/gl#website","url":"https:\/\/estatutodelartista.com\/gl","name":"Estatuto del Artista","description":"La web dedicada al Estatuto del Artista - ConArte","publisher":{"@id":"https:\/\/estatutodelartista.com\/gl#organization"},"potentialAction":[{"@type":"SearchAction","target":{"@type":"EntryPoint","urlTemplate":"https:\/\/estatutodelartista.com\/gl?s={search_term_string}"},"query-input":{"@type":"PropertyValueSpecification","valueRequired":true,"valueName":"search_term_string"}}],"inLanguage":"gl-ES"},{"@type":"Organization","@id":"https:\/\/estatutodelartista.com\/gl#organization","name":"Estatuto del Artista","url":"https:\/\/estatutodelartista.com\/gl","logo":{"@type":"ImageObject","inLanguage":"gl-ES","@id":"https:\/\/estatutodelartista.com\/gl#\/schema\/logo\/image\/","url":"https:\/\/estatutodelartista.com\/wp-content\/uploads\/2024\/03\/EDA-LOGO-rojo.svg","contentUrl":"https:\/\/estatutodelartista.com\/wp-content\/uploads\/2024\/03\/EDA-LOGO-rojo.svg","width":300,"height":300,"caption":"Estatuto del Artista"},"image":{"@id":"https:\/\/estatutodelartista.com\/gl#\/schema\/logo\/image\/"},"sameAs":["https:\/\/www.youtube.com\/channel\/UCkmRiNakmIVJ36IQkwouSGw","https:\/\/www.instagram.com\/conarte_artistas\/"]},{"@type":"Person","@id":"https:\/\/estatutodelartista.com\/gl#\/schema\/person\/6b3220ca521e5314484b7f3959dd208a","name":"John","image":{"@type":"ImageObject","inLanguage":"gl-ES","@id":"https:\/\/estatutodelartista.com\/gl#\/schema\/person\/image\/","url":"https:\/\/estatutodelartista.com\/wp-content\/litespeed\/avatar\/7d43e434a148352262065e6d9cd2ada3.jpg?ver=1777503832","contentUrl":"https:\/\/estatutodelartista.com\/wp-content\/litespeed\/avatar\/7d43e434a148352262065e6d9cd2ada3.jpg?ver=1777503832","caption":"John"},"url":"https:\/\/estatutodelartista.com\/gl\/author\/john"}]}},"_links":{"self":[{"href":"https:\/\/estatutodelartista.com\/gl\/wp-json\/wp\/v2\/posts\/1056","targetHints":{"allow":["GET"]}}],"collection":[{"href":"https:\/\/estatutodelartista.com\/gl\/wp-json\/wp\/v2\/posts"}],"about":[{"href":"https:\/\/estatutodelartista.com\/gl\/wp-json\/wp\/v2\/types\/post"}],"author":[{"embeddable":true,"href":"https:\/\/estatutodelartista.com\/gl\/wp-json\/wp\/v2\/users\/2"}],"replies":[{"embeddable":true,"href":"https:\/\/estatutodelartista.com\/gl\/wp-json\/wp\/v2\/comments?post=1056"}],"version-history":[{"count":2,"href":"https:\/\/estatutodelartista.com\/gl\/wp-json\/wp\/v2\/posts\/1056\/revisions"}],"predecessor-version":[{"id":1059,"href":"https:\/\/estatutodelartista.com\/gl\/wp-json\/wp\/v2\/posts\/1056\/revisions\/1059"}],"wp:attachment":[{"href":"https:\/\/estatutodelartista.com\/gl\/wp-json\/wp\/v2\/media?parent=1056"}],"wp:term":[{"taxonomy":"category","embeddable":true,"href":"https:\/\/estatutodelartista.com\/gl\/wp-json\/wp\/v2\/categories?post=1056"},{"taxonomy":"post_tag","embeddable":true,"href":"https:\/\/estatutodelartista.com\/gl\/wp-json\/wp\/v2\/tags?post=1056"}],"curies":[{"name":"wp","href":"https:\/\/api.w.org\/{rel}","templated":true}]}}