{"id":1061,"date":"2024-03-17T15:00:57","date_gmt":"2024-03-17T15:00:57","guid":{"rendered":"https:\/\/estatutodelartista.com\/cal-e-a-situacion-de-inactividade"},"modified":"2024-11-13T14:55:21","modified_gmt":"2024-11-13T14:55:21","slug":"cal-e-a-situacion-de-inactividade","status":"publish","type":"post","link":"https:\/\/estatutodelartista.com\/gl\/cal-e-a-situacion-de-inactividade","title":{"rendered":"Cal \u00e9 a situaci\u00f3n de inactividade?"},"content":{"rendered":"\n<pre id=\"inactividad\" class=\"wp-block-code\"><code><\/code><\/pre>\n\n\n\n<p>Tr\u00e1tase dunha ficci\u00f3n xur\u00eddica que considera que o artista que cumpre determinados requisitos cotizou ao longo do ano por xubilaci\u00f3n e continxencias com\u00fans, aboando unha cota mensual de 134,17 \u20ac en 2023.<\/p>\n\n\n\n<p><strong>Requisitos.-<\/strong> Para cumprir os requisitos, o artista deber\u00e1 acreditar, polo menos, 20 d\u00edas de alta como artista nos 12 meses anteriores ao mes da solicitude, con prestaci\u00f3n efectiva de servizos para unha ou varias empresas. As\u00ed mesmo, a retribuci\u00f3n destes d\u00edas deber\u00e1 ser como m\u00ednimo o dobre do Salario M\u00ednimo Interprofesional vixente na data de solicitude. Tam\u00e9n debe estar ao corrente dos pagamentos de per\u00edodos anteriores de alta na Seguridade Social por inactividade.<\/p>\n\n\n\n<p><strong>Cando se pode solicitar.-<\/strong> A solicitude poder\u00e1 realizarse en calquera \u00e9poca do ano e ter\u00e1 efectos a partir do primeiro d\u00eda do mes seguinte ao da solicitude. P\u00f3dese solicitar no seguinte enlace <a href=\"https:\/\/portal.seg-social.gob.es\/wps\/portal\/importass\/importass\/solicitudes\/Inclusion-baja-Inactividad#:~:text=A%20aquellas%20personas%20que%20desarrollen%20actividades%20art%C3%ADsticas%20por,solicitar%20desde%20dicha%20situaci%C3%B3n%20su%20baja%20en%20inactividad.\">Solicitudes (seg-social.gob.es)<\/a><\/p>\n\n\n\n<p><strong>Cando podes cancelar a subscrici\u00f3n.-<\/strong> En calquera momento, s\u00f3 tes que solicitalo.<\/p>\n\n\n\n<p>Durante o per\u00edodo de inactividade, o artista pode traballar como empregado en actividades art\u00edsticas. Se existisen d\u00edas cotizados tanto para a regularizaci\u00f3n anual como para permanecer voluntariamente dado de alta na Seguridade Social durante per\u00edodos de inactividade, procederase ao reintegro autom\u00e1tico das cotas satisfeitas por esta \u00faltima situaci\u00f3n.<\/p>\n\n\n\n<p><strong>Que situaci\u00f3ns protexe\/quen debe solicitalo?<\/strong> Artistas que desexen aumentar o seu tempo de cotizaci\u00f3n por xubilaci\u00f3n, as\u00ed como artistas embarazadas que desexen garantir que se atopan nunha situaci\u00f3n similar \u00e1 da alta no momento do parto para percibir a prestaci\u00f3n por nacemento  e coidado de menor, pode optar por estar en estado de inactividade e asimilado nese momento. Se o outro proxenitor \u00e9 tam\u00e9n artista, tam\u00e9n poder\u00e1 estar inactivo e en excedencia asimilada no momento do nacemento para percibir a prestaci\u00f3n.<\/p>\n\n\n\n<p><strong>De onde procede a cota a pagar &#8211;<\/strong> \u00c9 o 11,50% da base m\u00ednima de cotizaci\u00f3n do grupo profesional 7 (1.166,70 \u20ac)<\/p>\n\n\n\n<p><strong>Obxectivo da norma.-<\/strong> Esta norma ten por obxecto promover unha vida laboral m\u00e1is completa e previr situaci\u00f3ns de discriminaci\u00f3n no acceso \u00e1s prestaci\u00f3ns que requiran estar dado de alta no momento do nacemento ou da solicitude da prestaci\u00f3n. Isto permite que as artistas, tanto embarazadas como que desexen aumentar o seu tempo retribu\u00eddo, poidan garantir o seu acceso a estas prestaci\u00f3ns sen ser sancionadas por per\u00edodos de inactividade laboral.<\/p>\n\n\n\n<p><strong>Onde se regula.-<\/strong> No Real decreto lei 26\/2018, do 28 de decembro, de situaci\u00f3n protexida e na orde de cotizaci\u00f3n para o ano 2023 en canto \u00e1 cont\u00eda, Orde PCM\/74\/2023, do 30 de xaneiro.<\/p>\n","protected":false},"excerpt":{"rendered":"<p>Tr\u00e1tase dunha ficci\u00f3n xur\u00eddica que considera que o artista que cumpre determinados requisitos cotizou ao longo do ano por xubilaci\u00f3n e continxencias com\u00fans, aboando unha cota mensual de 134,17 \u20ac en 2023. Requisitos.- Para cumprir os requisitos, o artista deber\u00e1 acreditar, polo menos, 20 d\u00edas de alta como artista nos 12 meses anteriores ao mes [&hellip;]<\/p>\n","protected":false},"author":2,"featured_media":0,"comment_status":"closed","ping_status":"closed","sticky":false,"template":"","format":"standard","meta":{"footnotes":""},"categories":[29],"tags":[],"class_list":["post-1061","post","type-post","status-publish","format-standard","hentry","category-logros-gl"],"yoast_head":"<!-- This site is optimized with the Yoast SEO plugin v27.1.1 - https:\/\/yoast.com\/product\/yoast-seo-wordpress\/ -->\n<title>Cal \u00e9 a situaci\u00f3n de inactividade? - Estatuto del Artista - ConArte<\/title>\n<meta name=\"robots\" content=\"index, follow, max-snippet:-1, max-image-preview:large, max-video-preview:-1\" \/>\n<link rel=\"canonical\" href=\"https:\/\/estatutodelartista.com\/gl\/cal-e-a-situacion-de-inactividade\" \/>\n<meta property=\"og:locale\" content=\"gl_ES\" \/>\n<meta property=\"og:type\" content=\"article\" \/>\n<meta property=\"og:title\" content=\"Cal \u00e9 a situaci\u00f3n de inactividade? - Estatuto del Artista - ConArte\" \/>\n<meta property=\"og:description\" content=\"Tr\u00e1tase dunha ficci\u00f3n xur\u00eddica que considera que o artista que cumpre determinados requisitos cotizou ao longo do ano por xubilaci\u00f3n e continxencias com\u00fans, aboando unha cota mensual de 134,17 \u20ac en 2023. Requisitos.- Para cumprir os requisitos, o artista deber\u00e1 acreditar, polo menos, 20 d\u00edas de alta como artista nos 12 meses anteriores ao mes [&hellip;]\" \/>\n<meta property=\"og:url\" content=\"https:\/\/estatutodelartista.com\/gl\/cal-e-a-situacion-de-inactividade\" \/>\n<meta property=\"og:site_name\" content=\"Estatuto del Artista - ConArte\" \/>\n<meta property=\"article:publisher\" content=\"https:\/\/www.youtube.com\/channel\/UCkmRiNakmIVJ36IQkwouSGw\" \/>\n<meta property=\"article:published_time\" content=\"2024-03-17T15:00:57+00:00\" \/>\n<meta property=\"article:modified_time\" content=\"2024-11-13T14:55:21+00:00\" \/>\n<meta name=\"author\" content=\"John\" \/>\n<meta name=\"twitter:card\" content=\"summary_large_image\" \/>\n<meta name=\"twitter:label1\" content=\"Escrito por\" \/>\n\t<meta name=\"twitter:data1\" content=\"John\" \/>\n\t<meta name=\"twitter:label2\" content=\"Tempo de lectura\" \/>\n\t<meta name=\"twitter:data2\" content=\"2 minutos\" \/>\n<script type=\"application\/ld+json\" class=\"yoast-schema-graph\">{\"@context\":\"https:\/\/schema.org\",\"@graph\":[{\"@type\":\"Article\",\"@id\":\"https:\/\/estatutodelartista.com\/gl\/cal-e-a-situacion-de-inactividade#article\",\"isPartOf\":{\"@id\":\"https:\/\/estatutodelartista.com\/gl\/cal-e-a-situacion-de-inactividade\"},\"author\":{\"name\":\"John\",\"@id\":\"https:\/\/estatutodelartista.com\/gl#\/schema\/person\/6b3220ca521e5314484b7f3959dd208a\"},\"headline\":\"Cal \u00e9 a situaci\u00f3n de inactividade?\",\"datePublished\":\"2024-03-17T15:00:57+00:00\",\"dateModified\":\"2024-11-13T14:55:21+00:00\",\"mainEntityOfPage\":{\"@id\":\"https:\/\/estatutodelartista.com\/gl\/cal-e-a-situacion-de-inactividade\"},\"wordCount\":446,\"publisher\":{\"@id\":\"https:\/\/estatutodelartista.com\/gl#organization\"},\"articleSection\":[\"Logros\"],\"inLanguage\":\"gl-ES\"},{\"@type\":\"WebPage\",\"@id\":\"https:\/\/estatutodelartista.com\/gl\/cal-e-a-situacion-de-inactividade\",\"url\":\"https:\/\/estatutodelartista.com\/gl\/cal-e-a-situacion-de-inactividade\",\"name\":\"Cal \u00e9 a situaci\u00f3n de inactividade? - Estatuto del Artista - ConArte\",\"isPartOf\":{\"@id\":\"https:\/\/estatutodelartista.com\/gl#website\"},\"datePublished\":\"2024-03-17T15:00:57+00:00\",\"dateModified\":\"2024-11-13T14:55:21+00:00\",\"breadcrumb\":{\"@id\":\"https:\/\/estatutodelartista.com\/gl\/cal-e-a-situacion-de-inactividade#breadcrumb\"},\"inLanguage\":\"gl-ES\",\"potentialAction\":[{\"@type\":\"ReadAction\",\"target\":[\"https:\/\/estatutodelartista.com\/gl\/cal-e-a-situacion-de-inactividade\"]}]},{\"@type\":\"BreadcrumbList\",\"@id\":\"https:\/\/estatutodelartista.com\/gl\/cal-e-a-situacion-de-inactividade#breadcrumb\",\"itemListElement\":[{\"@type\":\"ListItem\",\"position\":1,\"name\":\"Portada\",\"item\":\"https:\/\/estatutodelartista.com\/gl\"},{\"@type\":\"ListItem\",\"position\":2,\"name\":\"Cal \u00e9 a situaci\u00f3n de inactividade?\"}]},{\"@type\":\"WebSite\",\"@id\":\"https:\/\/estatutodelartista.com\/gl#website\",\"url\":\"https:\/\/estatutodelartista.com\/gl\",\"name\":\"Estatuto del Artista\",\"description\":\"La web dedicada al Estatuto del Artista - ConArte\",\"publisher\":{\"@id\":\"https:\/\/estatutodelartista.com\/gl#organization\"},\"potentialAction\":[{\"@type\":\"SearchAction\",\"target\":{\"@type\":\"EntryPoint\",\"urlTemplate\":\"https:\/\/estatutodelartista.com\/gl?s={search_term_string}\"},\"query-input\":{\"@type\":\"PropertyValueSpecification\",\"valueRequired\":true,\"valueName\":\"search_term_string\"}}],\"inLanguage\":\"gl-ES\"},{\"@type\":\"Organization\",\"@id\":\"https:\/\/estatutodelartista.com\/gl#organization\",\"name\":\"Estatuto del Artista\",\"url\":\"https:\/\/estatutodelartista.com\/gl\",\"logo\":{\"@type\":\"ImageObject\",\"inLanguage\":\"gl-ES\",\"@id\":\"https:\/\/estatutodelartista.com\/gl#\/schema\/logo\/image\/\",\"url\":\"https:\/\/estatutodelartista.com\/wp-content\/uploads\/2024\/03\/EDA-LOGO-rojo.svg\",\"contentUrl\":\"https:\/\/estatutodelartista.com\/wp-content\/uploads\/2024\/03\/EDA-LOGO-rojo.svg\",\"width\":300,\"height\":300,\"caption\":\"Estatuto del Artista\"},\"image\":{\"@id\":\"https:\/\/estatutodelartista.com\/gl#\/schema\/logo\/image\/\"},\"sameAs\":[\"https:\/\/www.youtube.com\/channel\/UCkmRiNakmIVJ36IQkwouSGw\",\"https:\/\/www.instagram.com\/conarte_artistas\/\"]},{\"@type\":\"Person\",\"@id\":\"https:\/\/estatutodelartista.com\/gl#\/schema\/person\/6b3220ca521e5314484b7f3959dd208a\",\"name\":\"John\",\"image\":{\"@type\":\"ImageObject\",\"inLanguage\":\"gl-ES\",\"@id\":\"https:\/\/estatutodelartista.com\/gl#\/schema\/person\/image\/\",\"url\":\"https:\/\/estatutodelartista.com\/wp-content\/litespeed\/avatar\/7d43e434a148352262065e6d9cd2ada3.jpg?ver=1777503832\",\"contentUrl\":\"https:\/\/estatutodelartista.com\/wp-content\/litespeed\/avatar\/7d43e434a148352262065e6d9cd2ada3.jpg?ver=1777503832\",\"caption\":\"John\"},\"url\":\"https:\/\/estatutodelartista.com\/gl\/author\/john\"}]}<\/script>\n<!-- \/ Yoast SEO plugin. -->","yoast_head_json":{"title":"Cal \u00e9 a situaci\u00f3n de inactividade? - Estatuto del Artista - ConArte","robots":{"index":"index","follow":"follow","max-snippet":"max-snippet:-1","max-image-preview":"max-image-preview:large","max-video-preview":"max-video-preview:-1"},"canonical":"https:\/\/estatutodelartista.com\/gl\/cal-e-a-situacion-de-inactividade","og_locale":"gl_ES","og_type":"article","og_title":"Cal \u00e9 a situaci\u00f3n de inactividade? - Estatuto del Artista - ConArte","og_description":"Tr\u00e1tase dunha ficci\u00f3n xur\u00eddica que considera que o artista que cumpre determinados requisitos cotizou ao longo do ano por xubilaci\u00f3n e continxencias com\u00fans, aboando unha cota mensual de 134,17 \u20ac en 2023. Requisitos.- Para cumprir os requisitos, o artista deber\u00e1 acreditar, polo menos, 20 d\u00edas de alta como artista nos 12 meses anteriores ao mes [&hellip;]","og_url":"https:\/\/estatutodelartista.com\/gl\/cal-e-a-situacion-de-inactividade","og_site_name":"Estatuto del Artista - ConArte","article_publisher":"https:\/\/www.youtube.com\/channel\/UCkmRiNakmIVJ36IQkwouSGw","article_published_time":"2024-03-17T15:00:57+00:00","article_modified_time":"2024-11-13T14:55:21+00:00","author":"John","twitter_card":"summary_large_image","twitter_misc":{"Escrito por":"John","Tempo de lectura":"2 minutos"},"schema":{"@context":"https:\/\/schema.org","@graph":[{"@type":"Article","@id":"https:\/\/estatutodelartista.com\/gl\/cal-e-a-situacion-de-inactividade#article","isPartOf":{"@id":"https:\/\/estatutodelartista.com\/gl\/cal-e-a-situacion-de-inactividade"},"author":{"name":"John","@id":"https:\/\/estatutodelartista.com\/gl#\/schema\/person\/6b3220ca521e5314484b7f3959dd208a"},"headline":"Cal \u00e9 a situaci\u00f3n de inactividade?","datePublished":"2024-03-17T15:00:57+00:00","dateModified":"2024-11-13T14:55:21+00:00","mainEntityOfPage":{"@id":"https:\/\/estatutodelartista.com\/gl\/cal-e-a-situacion-de-inactividade"},"wordCount":446,"publisher":{"@id":"https:\/\/estatutodelartista.com\/gl#organization"},"articleSection":["Logros"],"inLanguage":"gl-ES"},{"@type":"WebPage","@id":"https:\/\/estatutodelartista.com\/gl\/cal-e-a-situacion-de-inactividade","url":"https:\/\/estatutodelartista.com\/gl\/cal-e-a-situacion-de-inactividade","name":"Cal \u00e9 a situaci\u00f3n de inactividade? - Estatuto del Artista - ConArte","isPartOf":{"@id":"https:\/\/estatutodelartista.com\/gl#website"},"datePublished":"2024-03-17T15:00:57+00:00","dateModified":"2024-11-13T14:55:21+00:00","breadcrumb":{"@id":"https:\/\/estatutodelartista.com\/gl\/cal-e-a-situacion-de-inactividade#breadcrumb"},"inLanguage":"gl-ES","potentialAction":[{"@type":"ReadAction","target":["https:\/\/estatutodelartista.com\/gl\/cal-e-a-situacion-de-inactividade"]}]},{"@type":"BreadcrumbList","@id":"https:\/\/estatutodelartista.com\/gl\/cal-e-a-situacion-de-inactividade#breadcrumb","itemListElement":[{"@type":"ListItem","position":1,"name":"Portada","item":"https:\/\/estatutodelartista.com\/gl"},{"@type":"ListItem","position":2,"name":"Cal \u00e9 a situaci\u00f3n de inactividade?"}]},{"@type":"WebSite","@id":"https:\/\/estatutodelartista.com\/gl#website","url":"https:\/\/estatutodelartista.com\/gl","name":"Estatuto del Artista","description":"La web dedicada al Estatuto del Artista - ConArte","publisher":{"@id":"https:\/\/estatutodelartista.com\/gl#organization"},"potentialAction":[{"@type":"SearchAction","target":{"@type":"EntryPoint","urlTemplate":"https:\/\/estatutodelartista.com\/gl?s={search_term_string}"},"query-input":{"@type":"PropertyValueSpecification","valueRequired":true,"valueName":"search_term_string"}}],"inLanguage":"gl-ES"},{"@type":"Organization","@id":"https:\/\/estatutodelartista.com\/gl#organization","name":"Estatuto del Artista","url":"https:\/\/estatutodelartista.com\/gl","logo":{"@type":"ImageObject","inLanguage":"gl-ES","@id":"https:\/\/estatutodelartista.com\/gl#\/schema\/logo\/image\/","url":"https:\/\/estatutodelartista.com\/wp-content\/uploads\/2024\/03\/EDA-LOGO-rojo.svg","contentUrl":"https:\/\/estatutodelartista.com\/wp-content\/uploads\/2024\/03\/EDA-LOGO-rojo.svg","width":300,"height":300,"caption":"Estatuto del Artista"},"image":{"@id":"https:\/\/estatutodelartista.com\/gl#\/schema\/logo\/image\/"},"sameAs":["https:\/\/www.youtube.com\/channel\/UCkmRiNakmIVJ36IQkwouSGw","https:\/\/www.instagram.com\/conarte_artistas\/"]},{"@type":"Person","@id":"https:\/\/estatutodelartista.com\/gl#\/schema\/person\/6b3220ca521e5314484b7f3959dd208a","name":"John","image":{"@type":"ImageObject","inLanguage":"gl-ES","@id":"https:\/\/estatutodelartista.com\/gl#\/schema\/person\/image\/","url":"https:\/\/estatutodelartista.com\/wp-content\/litespeed\/avatar\/7d43e434a148352262065e6d9cd2ada3.jpg?ver=1777503832","contentUrl":"https:\/\/estatutodelartista.com\/wp-content\/litespeed\/avatar\/7d43e434a148352262065e6d9cd2ada3.jpg?ver=1777503832","caption":"John"},"url":"https:\/\/estatutodelartista.com\/gl\/author\/john"}]}},"_links":{"self":[{"href":"https:\/\/estatutodelartista.com\/gl\/wp-json\/wp\/v2\/posts\/1061","targetHints":{"allow":["GET"]}}],"collection":[{"href":"https:\/\/estatutodelartista.com\/gl\/wp-json\/wp\/v2\/posts"}],"about":[{"href":"https:\/\/estatutodelartista.com\/gl\/wp-json\/wp\/v2\/types\/post"}],"author":[{"embeddable":true,"href":"https:\/\/estatutodelartista.com\/gl\/wp-json\/wp\/v2\/users\/2"}],"replies":[{"embeddable":true,"href":"https:\/\/estatutodelartista.com\/gl\/wp-json\/wp\/v2\/comments?post=1061"}],"version-history":[{"count":3,"href":"https:\/\/estatutodelartista.com\/gl\/wp-json\/wp\/v2\/posts\/1061\/revisions"}],"predecessor-version":[{"id":1760,"href":"https:\/\/estatutodelartista.com\/gl\/wp-json\/wp\/v2\/posts\/1061\/revisions\/1760"}],"wp:attachment":[{"href":"https:\/\/estatutodelartista.com\/gl\/wp-json\/wp\/v2\/media?parent=1061"}],"wp:term":[{"taxonomy":"category","embeddable":true,"href":"https:\/\/estatutodelartista.com\/gl\/wp-json\/wp\/v2\/categories?post=1061"},{"taxonomy":"post_tag","embeddable":true,"href":"https:\/\/estatutodelartista.com\/gl\/wp-json\/wp\/v2\/tags?post=1061"}],"curies":[{"name":"wp","href":"https:\/\/api.w.org\/{rel}","templated":true}]}}