{"id":1106,"date":"2024-03-17T13:02:16","date_gmt":"2024-03-17T13:02:16","guid":{"rendered":"https:\/\/estatutodelartista.com\/que-e-o-beneficio-de-intermitencia-de-artistas"},"modified":"2024-11-13T14:51:37","modified_gmt":"2024-11-13T14:51:37","slug":"que-e-o-beneficio-de-intermitencia-de-artistas","status":"publish","type":"post","link":"https:\/\/estatutodelartista.com\/gl\/que-e-o-beneficio-de-intermitencia-de-artistas","title":{"rendered":"Que \u00e9 o beneficio de intermitencia de artistas?"},"content":{"rendered":"\n<pre id=\"intermitencia\" class=\"wp-block-code\"><code><\/code><\/pre>\n\n\n\n<p>Tr\u00e1tase dunha modalidade especial de prestaci\u00f3n por desemprego que ofrece uns requisitos de acceso m\u00e1is flexibles que a prestaci\u00f3n est\u00e1ndar, a\u00ednda que a cont\u00eda percibida \u00e9 inferior \u00e1 que se obter\u00eda coa prestaci\u00f3n ordinaria, en funci\u00f3n da renda regular.<\/p>\n\n\n\n<p><strong>Quen o pode solicitar-<\/strong> Est\u00e1n suxeitas a relaci\u00f3n laboral especial as persoas que se dediquen \u00e1s artes esc\u00e9nicas, audiovisuais e musicais, as\u00ed como \u00e1s actividades t\u00e9cnicas e auxiliares necesarias para estas actividades.<\/p>\n\n\n\n<p><strong>Requisitos xerais de acceso.-<\/strong> Para optar a esta prestaci\u00f3n especial, a persoa deber\u00e1 estar en situaci\u00f3n de desemprego legal, \u00e9 dicir, non ter rematado por vontade os seus \u00faltimos contratos. Ademais, debe transcorrer polo menos un ano desde a s\u00faa \u00faltima prestaci\u00f3n por desemprego. Debes demostrar a t\u00faa dispo\u00f1ibilidade para buscar activamente traballo e aceptar ofertas axeitadas mediante a sinatura do acordo de actividade na solicitude da prestaci\u00f3n especial. As\u00ed mesmo, non ter cumprido a idade ordinaria para percibir a pensi\u00f3n contributiva de xubilaci\u00f3n e estar dado de alta como demandante de emprego na funci\u00f3n p\u00fablica correspondente.<\/p>\n\n\n\n<p><strong>Requisitos espec\u00edficos de acceso.-<\/strong> Para optar \u00e1 s\u00faa condici\u00f3n, a persoa deber\u00e1 estar dada de alta na Seguridade Social durante 60 d\u00edas coa prestaci\u00f3n de servizos en actividades art\u00edsticas dentro dos 18 meses anteriores \u00e1 solicitude da prestaci\u00f3n. Alternativamente, p\u00f3dese dispo\u00f1er de 180 d\u00edas de alta na Seguridade Social coa prestaci\u00f3n de servizos en actividades art\u00edsticas ou mediante regularizaci\u00f3ns anuais realizadas nos \u00faltimos seis anos anteriores \u00e1 data de desemprego legal.<\/p>\n\n\n\n<p>Tam\u00e9n se consideran v\u00e1lidos os per\u00edodos nos que a persoa deixou de cotizar, sempre que non fosen computados para obter ning\u00fan dereito previo.<\/p>\n\n\n\n<p><strong>Efectos.-<\/strong> Para futuras solicitudes, todas as cotizaci\u00f3ns, inclu\u00eddas as regularizaci\u00f3ns, consideraranse utilizadas ata a data na que se solicite o paro. Isto significa que se restablece o contador e que hai que acumular novas cotizaci\u00f3ns para futuras solicitudes.<\/p>\n\n\n\n<p><strong>Duraci\u00f3n.-<\/strong> A duraci\u00f3n da prestaci\u00f3n especial ser\u00e1 de 120 d\u00edas.  <\/p>\n\n\n\n<p><strong>Importe.-  <\/strong>A cont\u00eda da prestaci\u00f3n especial ser\u00e1 do 80% do Indicador de Renda P\u00fablica de Efectos M\u00faltiples (IPREM) mensual vixente. Non obstante, se a media diaria das bases de cotizaci\u00f3n dos \u00faltimos sesenta d\u00edas de traballo en actividades art\u00edsticas \u00e9 superior a 60 euros, a prestaci\u00f3n ser\u00e1 o 100 % do IPREM.*.<\/p>\n\n\n\n<p>* IPREM 2023.- 600 \u20ac<\/p>\n\n\n\n<p><strong>Outras cuesti\u00f3ns.-<\/strong> A prestaci\u00f3n poder\u00e1 ser interrompida e posteriormente retomada se se obt\u00e9n un traballo por conta allea. Remata cando se cumpre o prazo establecido, cando se comeza a percibir unha prestaci\u00f3n contributiva ou Renda M\u00ednima de Inserci\u00f3n. Non obstante, non d\u00e1 acceso \u00e1 Renda M\u00ednima de Inserci\u00f3n nin \u00e1s subvenci\u00f3ns por esgotamento da prestaci\u00f3n.<\/p>\n\n\n\n<p><strong>Onde se regula.-<\/strong> O Real decreto lei 1\/2023, do 10 de xaneiro, introduce unha nova disposici\u00f3n adicional quincuax\u00e9simo primeira no texto refundido da Lei xeral da seguridade social, aprobado polo Real decreto lexislativo 8\/2015, do 30 de outubro. .<\/p>\n","protected":false},"excerpt":{"rendered":"<p>Tr\u00e1tase dunha modalidade especial de prestaci\u00f3n por desemprego que ofrece uns requisitos de acceso m\u00e1is flexibles que a prestaci\u00f3n est\u00e1ndar, a\u00ednda que a cont\u00eda percibida \u00e9 inferior \u00e1 que se obter\u00eda coa prestaci\u00f3n ordinaria, en funci\u00f3n da renda regular. Quen o pode solicitar- Est\u00e1n suxeitas a relaci\u00f3n laboral especial as persoas que se dediquen \u00e1s [&hellip;]<\/p>\n","protected":false},"author":2,"featured_media":0,"comment_status":"closed","ping_status":"closed","sticky":false,"template":"","format":"standard","meta":{"footnotes":""},"categories":[29],"tags":[],"class_list":["post-1106","post","type-post","status-publish","format-standard","hentry","category-logros-gl"],"yoast_head":"<!-- This site is optimized with the Yoast SEO plugin v27.1.1 - https:\/\/yoast.com\/product\/yoast-seo-wordpress\/ -->\n<title>Que \u00e9 o beneficio de intermitencia de artistas? - Estatuto del Artista - ConArte<\/title>\n<meta name=\"robots\" content=\"index, follow, max-snippet:-1, max-image-preview:large, max-video-preview:-1\" \/>\n<link rel=\"canonical\" href=\"https:\/\/estatutodelartista.com\/gl\/que-e-o-beneficio-de-intermitencia-de-artistas\" \/>\n<meta property=\"og:locale\" content=\"gl_ES\" \/>\n<meta property=\"og:type\" content=\"article\" \/>\n<meta property=\"og:title\" content=\"Que \u00e9 o beneficio de intermitencia de artistas? - Estatuto del Artista - ConArte\" \/>\n<meta property=\"og:description\" content=\"Tr\u00e1tase dunha modalidade especial de prestaci\u00f3n por desemprego que ofrece uns requisitos de acceso m\u00e1is flexibles que a prestaci\u00f3n est\u00e1ndar, a\u00ednda que a cont\u00eda percibida \u00e9 inferior \u00e1 que se obter\u00eda coa prestaci\u00f3n ordinaria, en funci\u00f3n da renda regular. Quen o pode solicitar- Est\u00e1n suxeitas a relaci\u00f3n laboral especial as persoas que se dediquen \u00e1s [&hellip;]\" \/>\n<meta property=\"og:url\" content=\"https:\/\/estatutodelartista.com\/gl\/que-e-o-beneficio-de-intermitencia-de-artistas\" \/>\n<meta property=\"og:site_name\" content=\"Estatuto del Artista - ConArte\" \/>\n<meta property=\"article:publisher\" content=\"https:\/\/www.youtube.com\/channel\/UCkmRiNakmIVJ36IQkwouSGw\" \/>\n<meta property=\"article:published_time\" content=\"2024-03-17T13:02:16+00:00\" \/>\n<meta property=\"article:modified_time\" content=\"2024-11-13T14:51:37+00:00\" \/>\n<meta name=\"author\" content=\"John\" \/>\n<meta name=\"twitter:card\" content=\"summary_large_image\" \/>\n<meta name=\"twitter:label1\" content=\"Escrito por\" \/>\n\t<meta name=\"twitter:data1\" content=\"John\" \/>\n\t<meta name=\"twitter:label2\" content=\"Tempo de lectura\" \/>\n\t<meta name=\"twitter:data2\" content=\"3 minutos\" \/>\n<script type=\"application\/ld+json\" class=\"yoast-schema-graph\">{\"@context\":\"https:\/\/schema.org\",\"@graph\":[{\"@type\":\"Article\",\"@id\":\"https:\/\/estatutodelartista.com\/gl\/que-e-o-beneficio-de-intermitencia-de-artistas#article\",\"isPartOf\":{\"@id\":\"https:\/\/estatutodelartista.com\/gl\/que-e-o-beneficio-de-intermitencia-de-artistas\"},\"author\":{\"name\":\"John\",\"@id\":\"https:\/\/estatutodelartista.com\/gl#\/schema\/person\/6b3220ca521e5314484b7f3959dd208a\"},\"headline\":\"Que \u00e9 o beneficio de intermitencia de artistas?\",\"datePublished\":\"2024-03-17T13:02:16+00:00\",\"dateModified\":\"2024-11-13T14:51:37+00:00\",\"mainEntityOfPage\":{\"@id\":\"https:\/\/estatutodelartista.com\/gl\/que-e-o-beneficio-de-intermitencia-de-artistas\"},\"wordCount\":521,\"publisher\":{\"@id\":\"https:\/\/estatutodelartista.com\/gl#organization\"},\"articleSection\":[\"Logros\"],\"inLanguage\":\"gl-ES\"},{\"@type\":\"WebPage\",\"@id\":\"https:\/\/estatutodelartista.com\/gl\/que-e-o-beneficio-de-intermitencia-de-artistas\",\"url\":\"https:\/\/estatutodelartista.com\/gl\/que-e-o-beneficio-de-intermitencia-de-artistas\",\"name\":\"Que \u00e9 o beneficio de intermitencia de artistas? - Estatuto del Artista - ConArte\",\"isPartOf\":{\"@id\":\"https:\/\/estatutodelartista.com\/gl#website\"},\"datePublished\":\"2024-03-17T13:02:16+00:00\",\"dateModified\":\"2024-11-13T14:51:37+00:00\",\"breadcrumb\":{\"@id\":\"https:\/\/estatutodelartista.com\/gl\/que-e-o-beneficio-de-intermitencia-de-artistas#breadcrumb\"},\"inLanguage\":\"gl-ES\",\"potentialAction\":[{\"@type\":\"ReadAction\",\"target\":[\"https:\/\/estatutodelartista.com\/gl\/que-e-o-beneficio-de-intermitencia-de-artistas\"]}]},{\"@type\":\"BreadcrumbList\",\"@id\":\"https:\/\/estatutodelartista.com\/gl\/que-e-o-beneficio-de-intermitencia-de-artistas#breadcrumb\",\"itemListElement\":[{\"@type\":\"ListItem\",\"position\":1,\"name\":\"Portada\",\"item\":\"https:\/\/estatutodelartista.com\/gl\"},{\"@type\":\"ListItem\",\"position\":2,\"name\":\"Que \u00e9 o beneficio de intermitencia de artistas?\"}]},{\"@type\":\"WebSite\",\"@id\":\"https:\/\/estatutodelartista.com\/gl#website\",\"url\":\"https:\/\/estatutodelartista.com\/gl\",\"name\":\"Estatuto del Artista\",\"description\":\"La web dedicada al Estatuto del Artista - ConArte\",\"publisher\":{\"@id\":\"https:\/\/estatutodelartista.com\/gl#organization\"},\"potentialAction\":[{\"@type\":\"SearchAction\",\"target\":{\"@type\":\"EntryPoint\",\"urlTemplate\":\"https:\/\/estatutodelartista.com\/gl?s={search_term_string}\"},\"query-input\":{\"@type\":\"PropertyValueSpecification\",\"valueRequired\":true,\"valueName\":\"search_term_string\"}}],\"inLanguage\":\"gl-ES\"},{\"@type\":\"Organization\",\"@id\":\"https:\/\/estatutodelartista.com\/gl#organization\",\"name\":\"Estatuto del Artista\",\"url\":\"https:\/\/estatutodelartista.com\/gl\",\"logo\":{\"@type\":\"ImageObject\",\"inLanguage\":\"gl-ES\",\"@id\":\"https:\/\/estatutodelartista.com\/gl#\/schema\/logo\/image\/\",\"url\":\"https:\/\/estatutodelartista.com\/wp-content\/uploads\/2024\/03\/EDA-LOGO-rojo.svg\",\"contentUrl\":\"https:\/\/estatutodelartista.com\/wp-content\/uploads\/2024\/03\/EDA-LOGO-rojo.svg\",\"width\":300,\"height\":300,\"caption\":\"Estatuto del Artista\"},\"image\":{\"@id\":\"https:\/\/estatutodelartista.com\/gl#\/schema\/logo\/image\/\"},\"sameAs\":[\"https:\/\/www.youtube.com\/channel\/UCkmRiNakmIVJ36IQkwouSGw\",\"https:\/\/www.instagram.com\/conarte_artistas\/\"]},{\"@type\":\"Person\",\"@id\":\"https:\/\/estatutodelartista.com\/gl#\/schema\/person\/6b3220ca521e5314484b7f3959dd208a\",\"name\":\"John\",\"image\":{\"@type\":\"ImageObject\",\"inLanguage\":\"gl-ES\",\"@id\":\"https:\/\/estatutodelartista.com\/gl#\/schema\/person\/image\/\",\"url\":\"https:\/\/estatutodelartista.com\/wp-content\/litespeed\/avatar\/7d43e434a148352262065e6d9cd2ada3.jpg?ver=1777503832\",\"contentUrl\":\"https:\/\/estatutodelartista.com\/wp-content\/litespeed\/avatar\/7d43e434a148352262065e6d9cd2ada3.jpg?ver=1777503832\",\"caption\":\"John\"},\"url\":\"https:\/\/estatutodelartista.com\/gl\/author\/john\"}]}<\/script>\n<!-- \/ Yoast SEO plugin. -->","yoast_head_json":{"title":"Que \u00e9 o beneficio de intermitencia de artistas? - Estatuto del Artista - ConArte","robots":{"index":"index","follow":"follow","max-snippet":"max-snippet:-1","max-image-preview":"max-image-preview:large","max-video-preview":"max-video-preview:-1"},"canonical":"https:\/\/estatutodelartista.com\/gl\/que-e-o-beneficio-de-intermitencia-de-artistas","og_locale":"gl_ES","og_type":"article","og_title":"Que \u00e9 o beneficio de intermitencia de artistas? - Estatuto del Artista - ConArte","og_description":"Tr\u00e1tase dunha modalidade especial de prestaci\u00f3n por desemprego que ofrece uns requisitos de acceso m\u00e1is flexibles que a prestaci\u00f3n est\u00e1ndar, a\u00ednda que a cont\u00eda percibida \u00e9 inferior \u00e1 que se obter\u00eda coa prestaci\u00f3n ordinaria, en funci\u00f3n da renda regular. Quen o pode solicitar- Est\u00e1n suxeitas a relaci\u00f3n laboral especial as persoas que se dediquen \u00e1s [&hellip;]","og_url":"https:\/\/estatutodelartista.com\/gl\/que-e-o-beneficio-de-intermitencia-de-artistas","og_site_name":"Estatuto del Artista - ConArte","article_publisher":"https:\/\/www.youtube.com\/channel\/UCkmRiNakmIVJ36IQkwouSGw","article_published_time":"2024-03-17T13:02:16+00:00","article_modified_time":"2024-11-13T14:51:37+00:00","author":"John","twitter_card":"summary_large_image","twitter_misc":{"Escrito por":"John","Tempo de lectura":"3 minutos"},"schema":{"@context":"https:\/\/schema.org","@graph":[{"@type":"Article","@id":"https:\/\/estatutodelartista.com\/gl\/que-e-o-beneficio-de-intermitencia-de-artistas#article","isPartOf":{"@id":"https:\/\/estatutodelartista.com\/gl\/que-e-o-beneficio-de-intermitencia-de-artistas"},"author":{"name":"John","@id":"https:\/\/estatutodelartista.com\/gl#\/schema\/person\/6b3220ca521e5314484b7f3959dd208a"},"headline":"Que \u00e9 o beneficio de intermitencia de artistas?","datePublished":"2024-03-17T13:02:16+00:00","dateModified":"2024-11-13T14:51:37+00:00","mainEntityOfPage":{"@id":"https:\/\/estatutodelartista.com\/gl\/que-e-o-beneficio-de-intermitencia-de-artistas"},"wordCount":521,"publisher":{"@id":"https:\/\/estatutodelartista.com\/gl#organization"},"articleSection":["Logros"],"inLanguage":"gl-ES"},{"@type":"WebPage","@id":"https:\/\/estatutodelartista.com\/gl\/que-e-o-beneficio-de-intermitencia-de-artistas","url":"https:\/\/estatutodelartista.com\/gl\/que-e-o-beneficio-de-intermitencia-de-artistas","name":"Que \u00e9 o beneficio de intermitencia de artistas? - Estatuto del Artista - ConArte","isPartOf":{"@id":"https:\/\/estatutodelartista.com\/gl#website"},"datePublished":"2024-03-17T13:02:16+00:00","dateModified":"2024-11-13T14:51:37+00:00","breadcrumb":{"@id":"https:\/\/estatutodelartista.com\/gl\/que-e-o-beneficio-de-intermitencia-de-artistas#breadcrumb"},"inLanguage":"gl-ES","potentialAction":[{"@type":"ReadAction","target":["https:\/\/estatutodelartista.com\/gl\/que-e-o-beneficio-de-intermitencia-de-artistas"]}]},{"@type":"BreadcrumbList","@id":"https:\/\/estatutodelartista.com\/gl\/que-e-o-beneficio-de-intermitencia-de-artistas#breadcrumb","itemListElement":[{"@type":"ListItem","position":1,"name":"Portada","item":"https:\/\/estatutodelartista.com\/gl"},{"@type":"ListItem","position":2,"name":"Que \u00e9 o beneficio de intermitencia de artistas?"}]},{"@type":"WebSite","@id":"https:\/\/estatutodelartista.com\/gl#website","url":"https:\/\/estatutodelartista.com\/gl","name":"Estatuto del Artista","description":"La web dedicada al Estatuto del Artista - ConArte","publisher":{"@id":"https:\/\/estatutodelartista.com\/gl#organization"},"potentialAction":[{"@type":"SearchAction","target":{"@type":"EntryPoint","urlTemplate":"https:\/\/estatutodelartista.com\/gl?s={search_term_string}"},"query-input":{"@type":"PropertyValueSpecification","valueRequired":true,"valueName":"search_term_string"}}],"inLanguage":"gl-ES"},{"@type":"Organization","@id":"https:\/\/estatutodelartista.com\/gl#organization","name":"Estatuto del Artista","url":"https:\/\/estatutodelartista.com\/gl","logo":{"@type":"ImageObject","inLanguage":"gl-ES","@id":"https:\/\/estatutodelartista.com\/gl#\/schema\/logo\/image\/","url":"https:\/\/estatutodelartista.com\/wp-content\/uploads\/2024\/03\/EDA-LOGO-rojo.svg","contentUrl":"https:\/\/estatutodelartista.com\/wp-content\/uploads\/2024\/03\/EDA-LOGO-rojo.svg","width":300,"height":300,"caption":"Estatuto del Artista"},"image":{"@id":"https:\/\/estatutodelartista.com\/gl#\/schema\/logo\/image\/"},"sameAs":["https:\/\/www.youtube.com\/channel\/UCkmRiNakmIVJ36IQkwouSGw","https:\/\/www.instagram.com\/conarte_artistas\/"]},{"@type":"Person","@id":"https:\/\/estatutodelartista.com\/gl#\/schema\/person\/6b3220ca521e5314484b7f3959dd208a","name":"John","image":{"@type":"ImageObject","inLanguage":"gl-ES","@id":"https:\/\/estatutodelartista.com\/gl#\/schema\/person\/image\/","url":"https:\/\/estatutodelartista.com\/wp-content\/litespeed\/avatar\/7d43e434a148352262065e6d9cd2ada3.jpg?ver=1777503832","contentUrl":"https:\/\/estatutodelartista.com\/wp-content\/litespeed\/avatar\/7d43e434a148352262065e6d9cd2ada3.jpg?ver=1777503832","caption":"John"},"url":"https:\/\/estatutodelartista.com\/gl\/author\/john"}]}},"_links":{"self":[{"href":"https:\/\/estatutodelartista.com\/gl\/wp-json\/wp\/v2\/posts\/1106","targetHints":{"allow":["GET"]}}],"collection":[{"href":"https:\/\/estatutodelartista.com\/gl\/wp-json\/wp\/v2\/posts"}],"about":[{"href":"https:\/\/estatutodelartista.com\/gl\/wp-json\/wp\/v2\/types\/post"}],"author":[{"embeddable":true,"href":"https:\/\/estatutodelartista.com\/gl\/wp-json\/wp\/v2\/users\/2"}],"replies":[{"embeddable":true,"href":"https:\/\/estatutodelartista.com\/gl\/wp-json\/wp\/v2\/comments?post=1106"}],"version-history":[{"count":3,"href":"https:\/\/estatutodelartista.com\/gl\/wp-json\/wp\/v2\/posts\/1106\/revisions"}],"predecessor-version":[{"id":1758,"href":"https:\/\/estatutodelartista.com\/gl\/wp-json\/wp\/v2\/posts\/1106\/revisions\/1758"}],"wp:attachment":[{"href":"https:\/\/estatutodelartista.com\/gl\/wp-json\/wp\/v2\/media?parent=1106"}],"wp:term":[{"taxonomy":"category","embeddable":true,"href":"https:\/\/estatutodelartista.com\/gl\/wp-json\/wp\/v2\/categories?post=1106"},{"taxonomy":"post_tag","embeddable":true,"href":"https:\/\/estatutodelartista.com\/gl\/wp-json\/wp\/v2\/tags?post=1106"}],"curies":[{"name":"wp","href":"https:\/\/api.w.org\/{rel}","templated":true}]}}