{"id":1107,"date":"2024-03-17T15:46:53","date_gmt":"2024-03-17T15:46:53","guid":{"rendered":"https:\/\/estatutodelartista.com\/na-area-fiscal"},"modified":"2024-11-13T15:06:06","modified_gmt":"2024-11-13T15:06:06","slug":"na-area-fiscal","status":"publish","type":"post","link":"https:\/\/estatutodelartista.com\/gl\/na-area-fiscal","title":{"rendered":"Na \u00c1rea Fiscal"},"content":{"rendered":"\n<pre id=\"fiscal\" class=\"wp-block-code\"><code><\/code><\/pre>\n\n\n\n<p><strong>Devoluci\u00f3ns irregulares de ingresos:<\/strong><\/p>\n\n\n\n<p>A Subcomisi\u00f3n Parlamentaria creada no Congreso dos Deputados para elaborar un Estatuto do Artista asumiu, entre os seus obxectivos,  que o amentado Estatuto contemplase medidas para:<\/p>\n\n\n\n<p>A.- \u201c <em>Axustar a tributaci\u00f3n \u00e1 actividade econ\u00f3mica intermitente e ingresos irregulares propios do sector<\/em> \u201d.<\/p>\n\n\n\n<p>B.- \u201c <em>Fomentar unha fiscalidade que conduza a unha fiscalidade xusta tanto para a Facenda P\u00fablica como para os interesados<\/em> \u201d.<\/p>\n\n\n\n<p>A.- \u201c <em>Axustar a tributaci\u00f3n \u00e1 actividade econ\u00f3mica intermitente e ingresos irregulares propios do sector<\/em> \u201d. O sector da creaci\u00f3n caracter\u00edzase por unha curta vida profesional activa, sometida \u00e1 incerteza, <em>perda do favor p\u00fablico<\/em>, e cunha variabilidade moi elevada na obtenci\u00f3n de rendementos, que obriga a tributar importantes rendementos, concentrados nun curto per\u00edodo de tempo, o que desencadea a progresividade do imposto. Ao que hai que engadir a <em>\u201cirregularidade na percepci\u00f3n dos ingresos\u201d,<\/em> no sentido de obtida irregularmente no tempo:<\/p>\n\n\n\n<ul class=\"wp-block-list\">\n<li>ben por tratarse de ingresos obtidos nun ano pero derivados dun proxecto que se prolongou no tempo, por tratarse de ingresos moi variables ou variables de cont\u00eda dun ano para outro,  <\/li>\n\n\n\n<li>ou porque os ingresos son intermitentes, espor\u00e1dicos ou descontinuos, por falta de continuidade na contrataci\u00f3n ou proxectos.  <\/li>\n<\/ul>\n\n\n\n<p>As alternativas t\u00e9cnicas que se propuxeron, pero a\u00ednda non foron aprobadas, son as seguintes:<\/p>\n\n\n\n<p>1.-Unha primeira alternativa t\u00e9cnica (similar \u00e1 aplicada en Francia, Reino Unido, Dinamarca ou Bulgaria): Tratamento da media da renda en funci\u00f3n de medias m\u00f3biles da renda neta do traballo ou da actividade econ\u00f3mica declarada nos \u00faltimos 3, 4 ou 5 anos;<\/p>\n\n\n\n<p>De xeito que non tributar\u00eda cada ano o total da renda neta obtida no mesmo exercicio, sen\u00f3n s\u00f3 a parte dos ditos ingresos que corresponda \u00e1 media do rendemento obtido nos \u00faltimos 3, 4 ou 5 anos, e o tipo apl\u00edcase a esa media.<\/p>\n\n\n\n<p>2.- A segunda alternativa t\u00e9cnica, m\u00e1is sinxela, a\u00ednda que menos axustada \u00e1 realidade da renda media obtida ao longo dun per\u00edodo de referencia, ser\u00eda un tratamento medio do tipo impositivo, volvendo \u00e1 f\u00f3rmula que se aplicou en Espa\u00f1a entre 1967 e 1978: nesta segunda alternativa tributarase cada ano o total da renda neta obtida no exercicio, a\u00ednda que non se realiza aplicando o tipo impositivo que resultar\u00eda de aplicar o tipo xeral do imposto sobre a renda das persoas f\u00edsicas a todos os ingresos obtidos no exercicio mediante a aplicaci\u00f3n dun tipo impositivo medio te\u00f3rico que se calcula supo\u00f1endo para os efectos dos c\u00e1lculos que os ingresos netos da actividade art\u00edstica obtidos no exercicio corresponden a 2 anos.<\/p>\n\n\n\n<p>B.- \u201c <em>Fomentar unha fiscalidade que conduza a unha fiscalidade xusta tanto para a Facenda P\u00fablica como para os interesados<\/em> \u201d. Entre outras, e a modo de exemplo, prop\u00f3\u00f1ense as seguintes medidas no IRPF:  <\/p>\n\n\n\n<p>1. Ampliaci\u00f3n dos gastos fiscalmente deducibles dos ingresos do traballo, para permitir, con determinados l\u00edmites e condici\u00f3ns, a deduci\u00f3n de:  <\/p>\n\n\n\n<ul class=\"wp-block-list\">\n<li>Gastos de formaci\u00f3n non impartidos ou sufragados pola empresa (por exemplo, composici\u00f3n musical, clases de interpretaci\u00f3n musical ou de interpretaci\u00f3n, etc.);  <\/li>\n\n\n\n<li>Gastos de \u00fatiles de traballo non facilitados ou sufragados pola empresa (p.e. adquisici\u00f3n de instrumentos musicais, recambios ou cordas para instrumentos&#8230;);<\/li>\n\n\n\n<li>E gastos de comisi\u00f3ns recibidos por axentes ou intermediarios (por exemplo, representantes de actores, escritores ou cantantes).  <\/li>\n<\/ul>\n\n\n\n<p>2. Obxectivaci\u00f3n e equiparaci\u00f3n dos gastos fiscalmente deducibles dos ingresos da actividade econ\u00f3mica, para permitir, con determinados l\u00edmites e condici\u00f3ns, a deduci\u00f3n entre outras, por exemplo:  <\/p>\n\n\n\n<ul class=\"wp-block-list\">\n<li>Gastos relacionados con turismos,  <\/li>\n\n\n\n<li>Un % dos custos de subministraci\u00f3n,  <\/li>\n\n\n\n<li>Gastos derivados da adquisici\u00f3n de vales de alimentaci\u00f3n ou cheques para o mantemento do titular da actividade econ\u00f3mica.<\/li>\n\n\n\n<li>Gastos aboados por transporte p\u00fablico colectivo de viaxeiros para os desprazamentos entre o lugar de residencia e o lugar de traballo do titular da actividade.  <\/li>\n\n\n\n<li>50% dos gastos de relaci\u00f3ns p\u00fablicas relacionados con servizos de restauraci\u00f3n, hostalar\u00eda, viaxes e transporte.<\/li>\n<\/ul>\n","protected":false},"excerpt":{"rendered":"<p>Devoluci\u00f3ns irregulares de ingresos: A Subcomisi\u00f3n Parlamentaria creada no Congreso dos Deputados para elaborar un Estatuto do Artista asumiu, entre os seus obxectivos, que o amentado Estatuto contemplase medidas para: A.- \u201c Axustar a tributaci\u00f3n \u00e1 actividade econ\u00f3mica intermitente e ingresos irregulares propios do sector \u201d. B.- \u201c Fomentar unha fiscalidade que conduza a unha [&hellip;]<\/p>\n","protected":false},"author":2,"featured_media":0,"comment_status":"closed","ping_status":"closed","sticky":false,"template":"","format":"standard","meta":{"footnotes":""},"categories":[33],"tags":[],"class_list":["post-1107","post","type-post","status-publish","format-standard","hentry","category-dereitos-para-obter"],"yoast_head":"<!-- This site is optimized with the Yoast SEO plugin v27.1.1 - https:\/\/yoast.com\/product\/yoast-seo-wordpress\/ -->\n<title>Na \u00c1rea Fiscal - Estatuto del Artista - ConArte<\/title>\n<meta name=\"robots\" content=\"index, follow, max-snippet:-1, max-image-preview:large, max-video-preview:-1\" \/>\n<link rel=\"canonical\" href=\"https:\/\/estatutodelartista.com\/gl\/na-area-fiscal\" \/>\n<meta property=\"og:locale\" content=\"gl_ES\" \/>\n<meta property=\"og:type\" content=\"article\" \/>\n<meta property=\"og:title\" content=\"Na \u00c1rea Fiscal - Estatuto del Artista - ConArte\" \/>\n<meta property=\"og:description\" content=\"Devoluci\u00f3ns irregulares de ingresos: A Subcomisi\u00f3n Parlamentaria creada no Congreso dos Deputados para elaborar un Estatuto do Artista asumiu, entre os seus obxectivos, que o amentado Estatuto contemplase medidas para: A.- \u201c Axustar a tributaci\u00f3n \u00e1 actividade econ\u00f3mica intermitente e ingresos irregulares propios do sector \u201d. B.- \u201c Fomentar unha fiscalidade que conduza a unha [&hellip;]\" \/>\n<meta property=\"og:url\" content=\"https:\/\/estatutodelartista.com\/gl\/na-area-fiscal\" \/>\n<meta property=\"og:site_name\" content=\"Estatuto del Artista - ConArte\" \/>\n<meta property=\"article:publisher\" content=\"https:\/\/www.youtube.com\/channel\/UCkmRiNakmIVJ36IQkwouSGw\" \/>\n<meta property=\"article:published_time\" content=\"2024-03-17T15:46:53+00:00\" \/>\n<meta property=\"article:modified_time\" content=\"2024-11-13T15:06:06+00:00\" \/>\n<meta name=\"author\" content=\"John\" \/>\n<meta name=\"twitter:card\" content=\"summary_large_image\" \/>\n<meta name=\"twitter:label1\" content=\"Escrito por\" \/>\n\t<meta name=\"twitter:data1\" content=\"John\" \/>\n\t<meta name=\"twitter:label2\" content=\"Tempo de lectura\" \/>\n\t<meta name=\"twitter:data2\" content=\"3 minutos\" \/>\n<script type=\"application\/ld+json\" class=\"yoast-schema-graph\">{\"@context\":\"https:\/\/schema.org\",\"@graph\":[{\"@type\":\"Article\",\"@id\":\"https:\/\/estatutodelartista.com\/gl\/na-area-fiscal#article\",\"isPartOf\":{\"@id\":\"https:\/\/estatutodelartista.com\/gl\/na-area-fiscal\"},\"author\":{\"name\":\"John\",\"@id\":\"https:\/\/estatutodelartista.com\/gl#\/schema\/person\/6b3220ca521e5314484b7f3959dd208a\"},\"headline\":\"Na \u00c1rea Fiscal\",\"datePublished\":\"2024-03-17T15:46:53+00:00\",\"dateModified\":\"2024-11-13T15:06:06+00:00\",\"mainEntityOfPage\":{\"@id\":\"https:\/\/estatutodelartista.com\/gl\/na-area-fiscal\"},\"wordCount\":666,\"publisher\":{\"@id\":\"https:\/\/estatutodelartista.com\/gl#organization\"},\"articleSection\":[\"Dereitos para obter\"],\"inLanguage\":\"gl-ES\"},{\"@type\":\"WebPage\",\"@id\":\"https:\/\/estatutodelartista.com\/gl\/na-area-fiscal\",\"url\":\"https:\/\/estatutodelartista.com\/gl\/na-area-fiscal\",\"name\":\"Na \u00c1rea Fiscal - Estatuto del Artista - ConArte\",\"isPartOf\":{\"@id\":\"https:\/\/estatutodelartista.com\/gl#website\"},\"datePublished\":\"2024-03-17T15:46:53+00:00\",\"dateModified\":\"2024-11-13T15:06:06+00:00\",\"breadcrumb\":{\"@id\":\"https:\/\/estatutodelartista.com\/gl\/na-area-fiscal#breadcrumb\"},\"inLanguage\":\"gl-ES\",\"potentialAction\":[{\"@type\":\"ReadAction\",\"target\":[\"https:\/\/estatutodelartista.com\/gl\/na-area-fiscal\"]}]},{\"@type\":\"BreadcrumbList\",\"@id\":\"https:\/\/estatutodelartista.com\/gl\/na-area-fiscal#breadcrumb\",\"itemListElement\":[{\"@type\":\"ListItem\",\"position\":1,\"name\":\"Portada\",\"item\":\"https:\/\/estatutodelartista.com\/gl\"},{\"@type\":\"ListItem\",\"position\":2,\"name\":\"Na \u00c1rea Fiscal\"}]},{\"@type\":\"WebSite\",\"@id\":\"https:\/\/estatutodelartista.com\/gl#website\",\"url\":\"https:\/\/estatutodelartista.com\/gl\",\"name\":\"Estatuto del Artista\",\"description\":\"La web dedicada al Estatuto del Artista - ConArte\",\"publisher\":{\"@id\":\"https:\/\/estatutodelartista.com\/gl#organization\"},\"potentialAction\":[{\"@type\":\"SearchAction\",\"target\":{\"@type\":\"EntryPoint\",\"urlTemplate\":\"https:\/\/estatutodelartista.com\/gl?s={search_term_string}\"},\"query-input\":{\"@type\":\"PropertyValueSpecification\",\"valueRequired\":true,\"valueName\":\"search_term_string\"}}],\"inLanguage\":\"gl-ES\"},{\"@type\":\"Organization\",\"@id\":\"https:\/\/estatutodelartista.com\/gl#organization\",\"name\":\"Estatuto del Artista\",\"url\":\"https:\/\/estatutodelartista.com\/gl\",\"logo\":{\"@type\":\"ImageObject\",\"inLanguage\":\"gl-ES\",\"@id\":\"https:\/\/estatutodelartista.com\/gl#\/schema\/logo\/image\/\",\"url\":\"https:\/\/estatutodelartista.com\/wp-content\/uploads\/2024\/03\/EDA-LOGO-rojo.svg\",\"contentUrl\":\"https:\/\/estatutodelartista.com\/wp-content\/uploads\/2024\/03\/EDA-LOGO-rojo.svg\",\"width\":300,\"height\":300,\"caption\":\"Estatuto del Artista\"},\"image\":{\"@id\":\"https:\/\/estatutodelartista.com\/gl#\/schema\/logo\/image\/\"},\"sameAs\":[\"https:\/\/www.youtube.com\/channel\/UCkmRiNakmIVJ36IQkwouSGw\",\"https:\/\/www.instagram.com\/conarte_artistas\/\"]},{\"@type\":\"Person\",\"@id\":\"https:\/\/estatutodelartista.com\/gl#\/schema\/person\/6b3220ca521e5314484b7f3959dd208a\",\"name\":\"John\",\"image\":{\"@type\":\"ImageObject\",\"inLanguage\":\"gl-ES\",\"@id\":\"https:\/\/estatutodelartista.com\/gl#\/schema\/person\/image\/\",\"url\":\"https:\/\/estatutodelartista.com\/wp-content\/litespeed\/avatar\/7d43e434a148352262065e6d9cd2ada3.jpg?ver=1776898364\",\"contentUrl\":\"https:\/\/estatutodelartista.com\/wp-content\/litespeed\/avatar\/7d43e434a148352262065e6d9cd2ada3.jpg?ver=1776898364\",\"caption\":\"John\"},\"url\":\"https:\/\/estatutodelartista.com\/gl\/author\/john\"}]}<\/script>\n<!-- \/ Yoast SEO plugin. -->","yoast_head_json":{"title":"Na \u00c1rea Fiscal - Estatuto del Artista - ConArte","robots":{"index":"index","follow":"follow","max-snippet":"max-snippet:-1","max-image-preview":"max-image-preview:large","max-video-preview":"max-video-preview:-1"},"canonical":"https:\/\/estatutodelartista.com\/gl\/na-area-fiscal","og_locale":"gl_ES","og_type":"article","og_title":"Na \u00c1rea Fiscal - Estatuto del Artista - ConArte","og_description":"Devoluci\u00f3ns irregulares de ingresos: A Subcomisi\u00f3n Parlamentaria creada no Congreso dos Deputados para elaborar un Estatuto do Artista asumiu, entre os seus obxectivos, que o amentado Estatuto contemplase medidas para: A.- \u201c Axustar a tributaci\u00f3n \u00e1 actividade econ\u00f3mica intermitente e ingresos irregulares propios do sector \u201d. B.- \u201c Fomentar unha fiscalidade que conduza a unha [&hellip;]","og_url":"https:\/\/estatutodelartista.com\/gl\/na-area-fiscal","og_site_name":"Estatuto del Artista - ConArte","article_publisher":"https:\/\/www.youtube.com\/channel\/UCkmRiNakmIVJ36IQkwouSGw","article_published_time":"2024-03-17T15:46:53+00:00","article_modified_time":"2024-11-13T15:06:06+00:00","author":"John","twitter_card":"summary_large_image","twitter_misc":{"Escrito por":"John","Tempo de lectura":"3 minutos"},"schema":{"@context":"https:\/\/schema.org","@graph":[{"@type":"Article","@id":"https:\/\/estatutodelartista.com\/gl\/na-area-fiscal#article","isPartOf":{"@id":"https:\/\/estatutodelartista.com\/gl\/na-area-fiscal"},"author":{"name":"John","@id":"https:\/\/estatutodelartista.com\/gl#\/schema\/person\/6b3220ca521e5314484b7f3959dd208a"},"headline":"Na \u00c1rea Fiscal","datePublished":"2024-03-17T15:46:53+00:00","dateModified":"2024-11-13T15:06:06+00:00","mainEntityOfPage":{"@id":"https:\/\/estatutodelartista.com\/gl\/na-area-fiscal"},"wordCount":666,"publisher":{"@id":"https:\/\/estatutodelartista.com\/gl#organization"},"articleSection":["Dereitos para obter"],"inLanguage":"gl-ES"},{"@type":"WebPage","@id":"https:\/\/estatutodelartista.com\/gl\/na-area-fiscal","url":"https:\/\/estatutodelartista.com\/gl\/na-area-fiscal","name":"Na \u00c1rea Fiscal - Estatuto del Artista - ConArte","isPartOf":{"@id":"https:\/\/estatutodelartista.com\/gl#website"},"datePublished":"2024-03-17T15:46:53+00:00","dateModified":"2024-11-13T15:06:06+00:00","breadcrumb":{"@id":"https:\/\/estatutodelartista.com\/gl\/na-area-fiscal#breadcrumb"},"inLanguage":"gl-ES","potentialAction":[{"@type":"ReadAction","target":["https:\/\/estatutodelartista.com\/gl\/na-area-fiscal"]}]},{"@type":"BreadcrumbList","@id":"https:\/\/estatutodelartista.com\/gl\/na-area-fiscal#breadcrumb","itemListElement":[{"@type":"ListItem","position":1,"name":"Portada","item":"https:\/\/estatutodelartista.com\/gl"},{"@type":"ListItem","position":2,"name":"Na \u00c1rea Fiscal"}]},{"@type":"WebSite","@id":"https:\/\/estatutodelartista.com\/gl#website","url":"https:\/\/estatutodelartista.com\/gl","name":"Estatuto del Artista","description":"La web dedicada al Estatuto del Artista - ConArte","publisher":{"@id":"https:\/\/estatutodelartista.com\/gl#organization"},"potentialAction":[{"@type":"SearchAction","target":{"@type":"EntryPoint","urlTemplate":"https:\/\/estatutodelartista.com\/gl?s={search_term_string}"},"query-input":{"@type":"PropertyValueSpecification","valueRequired":true,"valueName":"search_term_string"}}],"inLanguage":"gl-ES"},{"@type":"Organization","@id":"https:\/\/estatutodelartista.com\/gl#organization","name":"Estatuto del Artista","url":"https:\/\/estatutodelartista.com\/gl","logo":{"@type":"ImageObject","inLanguage":"gl-ES","@id":"https:\/\/estatutodelartista.com\/gl#\/schema\/logo\/image\/","url":"https:\/\/estatutodelartista.com\/wp-content\/uploads\/2024\/03\/EDA-LOGO-rojo.svg","contentUrl":"https:\/\/estatutodelartista.com\/wp-content\/uploads\/2024\/03\/EDA-LOGO-rojo.svg","width":300,"height":300,"caption":"Estatuto del Artista"},"image":{"@id":"https:\/\/estatutodelartista.com\/gl#\/schema\/logo\/image\/"},"sameAs":["https:\/\/www.youtube.com\/channel\/UCkmRiNakmIVJ36IQkwouSGw","https:\/\/www.instagram.com\/conarte_artistas\/"]},{"@type":"Person","@id":"https:\/\/estatutodelartista.com\/gl#\/schema\/person\/6b3220ca521e5314484b7f3959dd208a","name":"John","image":{"@type":"ImageObject","inLanguage":"gl-ES","@id":"https:\/\/estatutodelartista.com\/gl#\/schema\/person\/image\/","url":"https:\/\/estatutodelartista.com\/wp-content\/litespeed\/avatar\/7d43e434a148352262065e6d9cd2ada3.jpg?ver=1776898364","contentUrl":"https:\/\/estatutodelartista.com\/wp-content\/litespeed\/avatar\/7d43e434a148352262065e6d9cd2ada3.jpg?ver=1776898364","caption":"John"},"url":"https:\/\/estatutodelartista.com\/gl\/author\/john"}]}},"_links":{"self":[{"href":"https:\/\/estatutodelartista.com\/gl\/wp-json\/wp\/v2\/posts\/1107","targetHints":{"allow":["GET"]}}],"collection":[{"href":"https:\/\/estatutodelartista.com\/gl\/wp-json\/wp\/v2\/posts"}],"about":[{"href":"https:\/\/estatutodelartista.com\/gl\/wp-json\/wp\/v2\/types\/post"}],"author":[{"embeddable":true,"href":"https:\/\/estatutodelartista.com\/gl\/wp-json\/wp\/v2\/users\/2"}],"replies":[{"embeddable":true,"href":"https:\/\/estatutodelartista.com\/gl\/wp-json\/wp\/v2\/comments?post=1107"}],"version-history":[{"count":5,"href":"https:\/\/estatutodelartista.com\/gl\/wp-json\/wp\/v2\/posts\/1107\/revisions"}],"predecessor-version":[{"id":1761,"href":"https:\/\/estatutodelartista.com\/gl\/wp-json\/wp\/v2\/posts\/1107\/revisions\/1761"}],"wp:attachment":[{"href":"https:\/\/estatutodelartista.com\/gl\/wp-json\/wp\/v2\/media?parent=1107"}],"wp:term":[{"taxonomy":"category","embeddable":true,"href":"https:\/\/estatutodelartista.com\/gl\/wp-json\/wp\/v2\/categories?post=1107"},{"taxonomy":"post_tag","embeddable":true,"href":"https:\/\/estatutodelartista.com\/gl\/wp-json\/wp\/v2\/tags?post=1107"}],"curies":[{"name":"wp","href":"https:\/\/api.w.org\/{rel}","templated":true}]}}