{"id":1137,"date":"2024-03-17T15:48:17","date_gmt":"2024-03-17T15:48:17","guid":{"rendered":"https:\/\/estatutodelartista.com\/no-ambito-educativo"},"modified":"2024-06-29T14:58:38","modified_gmt":"2024-06-29T14:58:38","slug":"no-ambito-educativo","status":"publish","type":"post","link":"https:\/\/estatutodelartista.com\/gl\/no-ambito-educativo","title":{"rendered":"No \u00c1mbito Educativo"},"content":{"rendered":"\n<pre id=\"educacion\" class=\"wp-block-code\"><code><\/code><\/pre>\n\n<p><strong>Lei de Educaci\u00f3n Art\u00edstica<\/strong><\/p>\n\n<p><strong>Na tramitaci\u00f3n parlamentaria:<\/strong><\/p>\n\n<p>O 16 de xaneiro de 2024, o Consello de Ministros aprobou o Proxecto de Lei que regula as ensinanzas art\u00edsticas superiores e profesionais.<\/p>\n\n<ul class=\"wp-block-list\">\n<li>Proxecto de lei aprobado no Consello de Ministros <a href=\"https:\/\/www.lamoncloa.gob.es\/consejodeministros\/referencias\/Paginas\/2024\/referencia-consejo-ministros20240116.aspx#ense%C3%B1ar\" target=\"_blank\" rel=\"noreferrer noopener\">(16\/01\/2024)Enlace externo, \u00e1brese nunha vent\u00e1 nova<\/a><\/li>\n<\/ul>\n\n<p><a href=\"https:\/\/educagob.educacionyfp.gob.es\/dam\/jcr:61b57385-fd2c-46e0-9382-a84bdc044640\/pl-ense-anzas-art-sticas.pdf\" target=\"_blank\" rel=\"noreferrer noopener\">Bill<\/a><\/p>\n\n<p>Proxecto de lei 121\/000153 polo que se regulan as ensinanzas art\u00edsticas superiores e se establecen a organizaci\u00f3n e equivalencias das ensinanzas art\u00edsticas profesionais.<\/p>\n\n<p><a href=\"https:\/\/www.congreso.es\/public_oficiales\/L14\/CONG\/BOCG\/A\/BOCG-14-A-153-1.PDF\" target=\"_blank\" rel=\"noreferrer noopener\">https:\/\/www.congreso.es\/public_oficiales\/L14\/CONG\/BOCG\/A\/BOCG-14-A-153-1.PDF<\/a><\/p>\n\n<ul class=\"wp-block-list\">\n<li><em>Adaptaci\u00f3n tem\u00e1tica da oferta educativa de formaci\u00f3n profesional dos t\u00e9cnicos de espect\u00e1culos en directo respecto dos t\u00e9cnicos audiovisuais. Est\u00e1n a ter dificultades, chegaron a un acordo parcial en parte da proposta.<\/em><\/li>\n<\/ul>\n\n<p><a href=\"https:\/\/www.educacionyfp.gob.es\/prensa\/actualidad\/2024\/01\/20230116-leyartisticas.html\" target=\"_blank\" rel=\"noreferrer noopener\">https:\/\/www.educacionyfp.gob.es\/prensa\/actualidad\/2024\/01\/20230116-leyartisticas.html<\/a><\/p>\n","protected":false},"excerpt":{"rendered":"<p>Lei de Educaci\u00f3n Art\u00edstica Na tramitaci\u00f3n parlamentaria: O 16 de xaneiro de 2024, o Consello de Ministros aprobou o Proxecto de Lei que regula as ensinanzas art\u00edsticas superiores e profesionais. Bill Proxecto de lei 121\/000153 polo que se regulan as ensinanzas art\u00edsticas superiores e se establecen a organizaci\u00f3n e equivalencias das ensinanzas art\u00edsticas profesionais. https:\/\/www.congreso.es\/public_oficiales\/L14\/CONG\/BOCG\/A\/BOCG-14-A-153-1.PDF [&hellip;]<\/p>\n","protected":false},"author":2,"featured_media":0,"comment_status":"closed","ping_status":"closed","sticky":false,"template":"","format":"standard","meta":{"footnotes":""},"categories":[33],"tags":[],"class_list":["post-1137","post","type-post","status-publish","format-standard","hentry","category-dereitos-para-obter"],"yoast_head":"<!-- This site is optimized with the Yoast SEO plugin v27.1.1 - https:\/\/yoast.com\/product\/yoast-seo-wordpress\/ -->\n<title>No \u00c1mbito Educativo - Estatuto del Artista - ConArte<\/title>\n<meta name=\"robots\" content=\"index, follow, max-snippet:-1, max-image-preview:large, max-video-preview:-1\" \/>\n<link rel=\"canonical\" href=\"https:\/\/estatutodelartista.com\/gl\/no-ambito-educativo\" \/>\n<meta property=\"og:locale\" content=\"gl_ES\" \/>\n<meta property=\"og:type\" content=\"article\" \/>\n<meta property=\"og:title\" content=\"No \u00c1mbito Educativo - Estatuto del Artista - ConArte\" \/>\n<meta property=\"og:description\" content=\"Lei de Educaci\u00f3n Art\u00edstica Na tramitaci\u00f3n parlamentaria: O 16 de xaneiro de 2024, o Consello de Ministros aprobou o Proxecto de Lei que regula as ensinanzas art\u00edsticas superiores e profesionais. Bill Proxecto de lei 121\/000153 polo que se regulan as ensinanzas art\u00edsticas superiores e se establecen a organizaci\u00f3n e equivalencias das ensinanzas art\u00edsticas profesionais. https:\/\/www.congreso.es\/public_oficiales\/L14\/CONG\/BOCG\/A\/BOCG-14-A-153-1.PDF [&hellip;]\" \/>\n<meta property=\"og:url\" content=\"https:\/\/estatutodelartista.com\/gl\/no-ambito-educativo\" \/>\n<meta property=\"og:site_name\" content=\"Estatuto del Artista - ConArte\" \/>\n<meta property=\"article:publisher\" content=\"https:\/\/www.youtube.com\/channel\/UCkmRiNakmIVJ36IQkwouSGw\" \/>\n<meta property=\"article:published_time\" content=\"2024-03-17T15:48:17+00:00\" \/>\n<meta property=\"article:modified_time\" content=\"2024-06-29T14:58:38+00:00\" \/>\n<meta name=\"author\" content=\"John\" \/>\n<meta name=\"twitter:card\" content=\"summary_large_image\" \/>\n<meta name=\"twitter:label1\" content=\"Escrito por\" \/>\n\t<meta name=\"twitter:data1\" content=\"John\" \/>\n\t<meta name=\"twitter:label2\" content=\"Tempo de lectura\" \/>\n\t<meta name=\"twitter:data2\" content=\"1 minuto\" \/>\n<script type=\"application\/ld+json\" class=\"yoast-schema-graph\">{\"@context\":\"https:\/\/schema.org\",\"@graph\":[{\"@type\":\"Article\",\"@id\":\"https:\/\/estatutodelartista.com\/gl\/no-ambito-educativo#article\",\"isPartOf\":{\"@id\":\"https:\/\/estatutodelartista.com\/gl\/no-ambito-educativo\"},\"author\":{\"name\":\"John\",\"@id\":\"https:\/\/estatutodelartista.com\/gl#\/schema\/person\/6b3220ca521e5314484b7f3959dd208a\"},\"headline\":\"No \u00c1mbito Educativo\",\"datePublished\":\"2024-03-17T15:48:17+00:00\",\"dateModified\":\"2024-06-29T14:58:38+00:00\",\"mainEntityOfPage\":{\"@id\":\"https:\/\/estatutodelartista.com\/gl\/no-ambito-educativo\"},\"wordCount\":136,\"publisher\":{\"@id\":\"https:\/\/estatutodelartista.com\/gl#organization\"},\"articleSection\":[\"Dereitos para obter\"],\"inLanguage\":\"gl-ES\"},{\"@type\":\"WebPage\",\"@id\":\"https:\/\/estatutodelartista.com\/gl\/no-ambito-educativo\",\"url\":\"https:\/\/estatutodelartista.com\/gl\/no-ambito-educativo\",\"name\":\"No \u00c1mbito Educativo - Estatuto del Artista - ConArte\",\"isPartOf\":{\"@id\":\"https:\/\/estatutodelartista.com\/gl#website\"},\"datePublished\":\"2024-03-17T15:48:17+00:00\",\"dateModified\":\"2024-06-29T14:58:38+00:00\",\"breadcrumb\":{\"@id\":\"https:\/\/estatutodelartista.com\/gl\/no-ambito-educativo#breadcrumb\"},\"inLanguage\":\"gl-ES\",\"potentialAction\":[{\"@type\":\"ReadAction\",\"target\":[\"https:\/\/estatutodelartista.com\/gl\/no-ambito-educativo\"]}]},{\"@type\":\"BreadcrumbList\",\"@id\":\"https:\/\/estatutodelartista.com\/gl\/no-ambito-educativo#breadcrumb\",\"itemListElement\":[{\"@type\":\"ListItem\",\"position\":1,\"name\":\"Portada\",\"item\":\"https:\/\/estatutodelartista.com\/gl\"},{\"@type\":\"ListItem\",\"position\":2,\"name\":\"No \u00c1mbito Educativo\"}]},{\"@type\":\"WebSite\",\"@id\":\"https:\/\/estatutodelartista.com\/gl#website\",\"url\":\"https:\/\/estatutodelartista.com\/gl\",\"name\":\"Estatuto del Artista\",\"description\":\"La web dedicada al Estatuto del Artista - ConArte\",\"publisher\":{\"@id\":\"https:\/\/estatutodelartista.com\/gl#organization\"},\"potentialAction\":[{\"@type\":\"SearchAction\",\"target\":{\"@type\":\"EntryPoint\",\"urlTemplate\":\"https:\/\/estatutodelartista.com\/gl?s={search_term_string}\"},\"query-input\":{\"@type\":\"PropertyValueSpecification\",\"valueRequired\":true,\"valueName\":\"search_term_string\"}}],\"inLanguage\":\"gl-ES\"},{\"@type\":\"Organization\",\"@id\":\"https:\/\/estatutodelartista.com\/gl#organization\",\"name\":\"Estatuto del Artista\",\"url\":\"https:\/\/estatutodelartista.com\/gl\",\"logo\":{\"@type\":\"ImageObject\",\"inLanguage\":\"gl-ES\",\"@id\":\"https:\/\/estatutodelartista.com\/gl#\/schema\/logo\/image\/\",\"url\":\"https:\/\/estatutodelartista.com\/wp-content\/uploads\/2024\/03\/EDA-LOGO-rojo.svg\",\"contentUrl\":\"https:\/\/estatutodelartista.com\/wp-content\/uploads\/2024\/03\/EDA-LOGO-rojo.svg\",\"width\":300,\"height\":300,\"caption\":\"Estatuto del Artista\"},\"image\":{\"@id\":\"https:\/\/estatutodelartista.com\/gl#\/schema\/logo\/image\/\"},\"sameAs\":[\"https:\/\/www.youtube.com\/channel\/UCkmRiNakmIVJ36IQkwouSGw\",\"https:\/\/www.instagram.com\/conarte_artistas\/\"]},{\"@type\":\"Person\",\"@id\":\"https:\/\/estatutodelartista.com\/gl#\/schema\/person\/6b3220ca521e5314484b7f3959dd208a\",\"name\":\"John\",\"image\":{\"@type\":\"ImageObject\",\"inLanguage\":\"gl-ES\",\"@id\":\"https:\/\/estatutodelartista.com\/gl#\/schema\/person\/image\/\",\"url\":\"https:\/\/estatutodelartista.com\/wp-content\/litespeed\/avatar\/7d43e434a148352262065e6d9cd2ada3.jpg?ver=1776898364\",\"contentUrl\":\"https:\/\/estatutodelartista.com\/wp-content\/litespeed\/avatar\/7d43e434a148352262065e6d9cd2ada3.jpg?ver=1776898364\",\"caption\":\"John\"},\"url\":\"https:\/\/estatutodelartista.com\/gl\/author\/john\"}]}<\/script>\n<!-- \/ Yoast SEO plugin. -->","yoast_head_json":{"title":"No \u00c1mbito Educativo - Estatuto del Artista - ConArte","robots":{"index":"index","follow":"follow","max-snippet":"max-snippet:-1","max-image-preview":"max-image-preview:large","max-video-preview":"max-video-preview:-1"},"canonical":"https:\/\/estatutodelartista.com\/gl\/no-ambito-educativo","og_locale":"gl_ES","og_type":"article","og_title":"No \u00c1mbito Educativo - Estatuto del Artista - ConArte","og_description":"Lei de Educaci\u00f3n Art\u00edstica Na tramitaci\u00f3n parlamentaria: O 16 de xaneiro de 2024, o Consello de Ministros aprobou o Proxecto de Lei que regula as ensinanzas art\u00edsticas superiores e profesionais. Bill Proxecto de lei 121\/000153 polo que se regulan as ensinanzas art\u00edsticas superiores e se establecen a organizaci\u00f3n e equivalencias das ensinanzas art\u00edsticas profesionais. https:\/\/www.congreso.es\/public_oficiales\/L14\/CONG\/BOCG\/A\/BOCG-14-A-153-1.PDF [&hellip;]","og_url":"https:\/\/estatutodelartista.com\/gl\/no-ambito-educativo","og_site_name":"Estatuto del Artista - ConArte","article_publisher":"https:\/\/www.youtube.com\/channel\/UCkmRiNakmIVJ36IQkwouSGw","article_published_time":"2024-03-17T15:48:17+00:00","article_modified_time":"2024-06-29T14:58:38+00:00","author":"John","twitter_card":"summary_large_image","twitter_misc":{"Escrito por":"John","Tempo de lectura":"1 minuto"},"schema":{"@context":"https:\/\/schema.org","@graph":[{"@type":"Article","@id":"https:\/\/estatutodelartista.com\/gl\/no-ambito-educativo#article","isPartOf":{"@id":"https:\/\/estatutodelartista.com\/gl\/no-ambito-educativo"},"author":{"name":"John","@id":"https:\/\/estatutodelartista.com\/gl#\/schema\/person\/6b3220ca521e5314484b7f3959dd208a"},"headline":"No \u00c1mbito Educativo","datePublished":"2024-03-17T15:48:17+00:00","dateModified":"2024-06-29T14:58:38+00:00","mainEntityOfPage":{"@id":"https:\/\/estatutodelartista.com\/gl\/no-ambito-educativo"},"wordCount":136,"publisher":{"@id":"https:\/\/estatutodelartista.com\/gl#organization"},"articleSection":["Dereitos para obter"],"inLanguage":"gl-ES"},{"@type":"WebPage","@id":"https:\/\/estatutodelartista.com\/gl\/no-ambito-educativo","url":"https:\/\/estatutodelartista.com\/gl\/no-ambito-educativo","name":"No \u00c1mbito Educativo - Estatuto del Artista - ConArte","isPartOf":{"@id":"https:\/\/estatutodelartista.com\/gl#website"},"datePublished":"2024-03-17T15:48:17+00:00","dateModified":"2024-06-29T14:58:38+00:00","breadcrumb":{"@id":"https:\/\/estatutodelartista.com\/gl\/no-ambito-educativo#breadcrumb"},"inLanguage":"gl-ES","potentialAction":[{"@type":"ReadAction","target":["https:\/\/estatutodelartista.com\/gl\/no-ambito-educativo"]}]},{"@type":"BreadcrumbList","@id":"https:\/\/estatutodelartista.com\/gl\/no-ambito-educativo#breadcrumb","itemListElement":[{"@type":"ListItem","position":1,"name":"Portada","item":"https:\/\/estatutodelartista.com\/gl"},{"@type":"ListItem","position":2,"name":"No \u00c1mbito Educativo"}]},{"@type":"WebSite","@id":"https:\/\/estatutodelartista.com\/gl#website","url":"https:\/\/estatutodelartista.com\/gl","name":"Estatuto del Artista","description":"La web dedicada al Estatuto del Artista - ConArte","publisher":{"@id":"https:\/\/estatutodelartista.com\/gl#organization"},"potentialAction":[{"@type":"SearchAction","target":{"@type":"EntryPoint","urlTemplate":"https:\/\/estatutodelartista.com\/gl?s={search_term_string}"},"query-input":{"@type":"PropertyValueSpecification","valueRequired":true,"valueName":"search_term_string"}}],"inLanguage":"gl-ES"},{"@type":"Organization","@id":"https:\/\/estatutodelartista.com\/gl#organization","name":"Estatuto del Artista","url":"https:\/\/estatutodelartista.com\/gl","logo":{"@type":"ImageObject","inLanguage":"gl-ES","@id":"https:\/\/estatutodelartista.com\/gl#\/schema\/logo\/image\/","url":"https:\/\/estatutodelartista.com\/wp-content\/uploads\/2024\/03\/EDA-LOGO-rojo.svg","contentUrl":"https:\/\/estatutodelartista.com\/wp-content\/uploads\/2024\/03\/EDA-LOGO-rojo.svg","width":300,"height":300,"caption":"Estatuto del Artista"},"image":{"@id":"https:\/\/estatutodelartista.com\/gl#\/schema\/logo\/image\/"},"sameAs":["https:\/\/www.youtube.com\/channel\/UCkmRiNakmIVJ36IQkwouSGw","https:\/\/www.instagram.com\/conarte_artistas\/"]},{"@type":"Person","@id":"https:\/\/estatutodelartista.com\/gl#\/schema\/person\/6b3220ca521e5314484b7f3959dd208a","name":"John","image":{"@type":"ImageObject","inLanguage":"gl-ES","@id":"https:\/\/estatutodelartista.com\/gl#\/schema\/person\/image\/","url":"https:\/\/estatutodelartista.com\/wp-content\/litespeed\/avatar\/7d43e434a148352262065e6d9cd2ada3.jpg?ver=1776898364","contentUrl":"https:\/\/estatutodelartista.com\/wp-content\/litespeed\/avatar\/7d43e434a148352262065e6d9cd2ada3.jpg?ver=1776898364","caption":"John"},"url":"https:\/\/estatutodelartista.com\/gl\/author\/john"}]}},"_links":{"self":[{"href":"https:\/\/estatutodelartista.com\/gl\/wp-json\/wp\/v2\/posts\/1137","targetHints":{"allow":["GET"]}}],"collection":[{"href":"https:\/\/estatutodelartista.com\/gl\/wp-json\/wp\/v2\/posts"}],"about":[{"href":"https:\/\/estatutodelartista.com\/gl\/wp-json\/wp\/v2\/types\/post"}],"author":[{"embeddable":true,"href":"https:\/\/estatutodelartista.com\/gl\/wp-json\/wp\/v2\/users\/2"}],"replies":[{"embeddable":true,"href":"https:\/\/estatutodelartista.com\/gl\/wp-json\/wp\/v2\/comments?post=1137"}],"version-history":[{"count":4,"href":"https:\/\/estatutodelartista.com\/gl\/wp-json\/wp\/v2\/posts\/1137\/revisions"}],"predecessor-version":[{"id":1326,"href":"https:\/\/estatutodelartista.com\/gl\/wp-json\/wp\/v2\/posts\/1137\/revisions\/1326"}],"wp:attachment":[{"href":"https:\/\/estatutodelartista.com\/gl\/wp-json\/wp\/v2\/media?parent=1137"}],"wp:term":[{"taxonomy":"category","embeddable":true,"href":"https:\/\/estatutodelartista.com\/gl\/wp-json\/wp\/v2\/categories?post=1137"},{"taxonomy":"post_tag","embeddable":true,"href":"https:\/\/estatutodelartista.com\/gl\/wp-json\/wp\/v2\/tags?post=1137"}],"curies":[{"name":"wp","href":"https:\/\/api.w.org\/{rel}","templated":true}]}}