{"id":1170,"date":"2024-03-17T15:53:29","date_gmt":"2024-03-17T15:53:29","guid":{"rendered":"https:\/\/estatutodelartista.com\/no-escenario-laboral"},"modified":"2024-11-13T15:16:59","modified_gmt":"2024-11-13T15:16:59","slug":"no-escenario-laboral","status":"publish","type":"post","link":"https:\/\/estatutodelartista.com\/gl\/no-escenario-laboral","title":{"rendered":"No escenario laboral"},"content":{"rendered":"\n<pre id=\"laboral\" class=\"wp-block-code\"><code><\/code><\/pre>\n\n\n\n<p>1- Necesidade de colaborar co Ministerio de Traballo para conseguir novos encontros e <strong>Reactivar a Reforma integral do RD 1435\/1985, do r\u00e9xime especial de Artistas.<\/strong><\/p>\n\n\n\n<p>2.- <strong>Reco\u00f1ecemento dos sindicatos sectoriais como sindicatos representativos<\/strong><\/p>\n\n\n\n<p>Propostas\/recomendaci\u00f3ns 33, 34 e 35 do Informe da Subcomisi\u00f3n para a Elaboraci\u00f3n do Estatuto do Artista<\/p>\n\n\n\n<p>A lexitimaci\u00f3n sindical na forma en que est\u00e1 regulada tanto polo Estatuto dos Traballadores como pola Lei Org\u00e1nica de Liberdade Sindical (LOLS) imposibilita que os sindicatos profesionais de gran presenza no sector te\u00f1an a condici\u00f3n de seren plenamente representativos. Esta eiva  afecta a lexitimaci\u00f3n para negociar convenios colectivos, sempre en funci\u00f3n subordinada aos sindicatos maioritarios a nivel estatal na negociaci\u00f3n colectiva.<\/p>\n\n\n\n<p>No referente \u00e1 representatividade sindical e mais \u00e1 promoci\u00f3n da capacidade de di\u00e1logo das asociaci\u00f3ns sectoriales, c\u00f3mpre termos presente que a \u00fanica forma de obter a condici\u00f3n de sindicato representativo \u00e9 a trav\u00e9s dos resultados das elecci\u00f3ns aos comit\u00e9s de empresa. Mais nun sector no que os contratos son a curto prazo, resulta dif\u00edcil cumprir o requisito de seis meses de servizo na empresa para presentarse \u00e1s amentadas elecci\u00f3ns. Ademais, <strong>a lexislaci\u00f3n esixe unha antig\u00fcidade dun mes para poder ser elector e as\u00ed participar na escolla (artigo 69.2 do Estatuto dos Traballadores).<\/strong><\/p>\n\n\n\n<p><strong>Semellaba que este problema fora superado<\/strong> co recente \u201c <em>RDL7\/2023, do 19 de decembro, pola que se adoptan medidas urxentes, para completar a transposici\u00f3n da Directiva (UE) 2019\/1158, do Parlamento Europeo e do Consello, do 20 de xu\u00f1o de 2019, relativa \u00e1 conciliaci\u00f3n da vida familiar e profesional dos pais e nais. coidadores, e pola que se derroga a Directiva 2010\/18\/UE do Consello, e para a simplificaci\u00f3n e mellora do nivel de atenci\u00f3n de protecci\u00f3n por desemprego<\/em>&#8220;, introducira no ET unha nova DA 28, consistente en dotar de especialidades en condici\u00f3n de elector e elixible aos \u00f3rganos de representaci\u00f3n no \u00e1mbito dos artistas que desenvolvan a s\u00faa actividade no \u00e1mbito das artes esc\u00e9nicas, audiovisuais e musicais, as\u00ed como de as persoas que realicen actividades t\u00e9cnicas ou auxiliares necesarias para o desenvolvemento da citada actividade. Estas especialidades consist\u00edan en: <strong>reducir o requisito para poder presentar candidatura \u00e1s elecci\u00f3ns sindicais a 20 d\u00edas de antig\u00fcidade,<\/strong> antes era de 6 meses.<\/p>\n\n\n\n<p>En realidade, esta era unha das nosas reivindicaci\u00f3ns, e representaba un progreso, a\u00ednda que parcial. <\/p>\n\n\n\n<p>Non obstante, esta especialidade <strong>FOI DERROGADA<\/strong> pola <strong>Resoluci\u00f3n do 10 de xaneiro de 2024<\/strong> pola que se publica o Acordo do Congreso dos Deputados polo que se derroga o Real Decreto-Lei 7\/2023, do 19 de decembro. <a href=\"https:\/\/www.boe.es\/buscar\/doc.php?id=BOE-A-2024-664\" target=\"_blank\" rel=\"noreferrer noopener\">Ref. BOE-A-2024-664<\/a>.<\/p>\n\n\n\n<p><a href=\"https:\/\/www.boe.es\/buscar\/act.php?id=BOE-A-2015-11430\" target=\"_blank\" rel=\"noreferrer noopener\">https:\/\/www.boe.es\/buscar\/act.php?id=BOE-A-2015-11430<\/a> (ver Disposici\u00f3n adicional 28).<\/p>\n\n\n\n<p>\u00c9 dicir, c\u00f3mpre continuar coa loita para conseguir o reco\u00f1ecemento dos sindicatos do sector como sindicatos representativos.<\/p>\n\n\n\n<p><strong>3.- Regulamento \u00danico do Traballo dos menores.<\/strong><\/p>\n\n\n\n<p>Na proposta 44 do Informe da Subcomisi\u00f3n de Elaboraci\u00f3n do Estatuto do Artista recomend\u00e1base a modificaci\u00f3n do RD 1435\/1985 en interese dos menores de 16 anos.  <\/p>\n\n\n\n<p>Esta regulaci\u00f3n \u00e9 urxente polo car\u00e1cter excepcional, a\u00ednda que crecente no sector, da participaci\u00f3n de nenos e adolescentes nos espect\u00e1culos p\u00fablicos. Estes menores, en virtude do art. 6.4 do Estatuto dos Traballadores, ao que se refire o artigo 9.2 da LETA, non re\u00fanen os requisitos de traballador aut\u00f3nomo e, en consecuencia, s\u00f3 deber\u00edan poder traballar por conta allea, coas autorizaci\u00f3ns, controis e requisitos oportunos.<\/p>\n\n\n\n<p>\u00c9 necesario inclu\u00edr no <strong>RD 1435\/1985 unha regulaci\u00f3n m\u00ednima do traballo dos menores no \u00e1mbito art\u00edstico.<\/strong><\/p>\n\n\n\n<p>O traballo de menores de 16 anos est\u00e1 excepcionalmente permitido no \u00e1mbito art\u00edstico, polo que \u00e9 importante <strong>regulalo de forma clara e unificada<\/strong> para que non se xeren abusos nin inseguridade xur\u00eddica.<\/p>\n\n\n\n<p>Entendemos que o Estatuto do Artista debe modificar o RD 1435\/1985 que, como norma espec\u00edfica do sector, regula de forma xeral, exclusiva e uniforme todas as materias relacionadas coa contrataci\u00f3n de menores. Nos \u00faltimos anos comprobouse que existe unha grave desprotecci\u00f3n destes menores pola falta de responsabilidade dalg\u00fans dos seus pais, e mesmo no caso de discrepancias entre eles, que determinan malos tratos durante a realizaci\u00f3n de s\u00faa actividade laboral que est\u00e1 suxeita \u00e1 autorizaci\u00f3n da Autoridade Laboral e tam\u00e9n co abuso na participaci\u00f3n de menores en procesos selectivos sen ning\u00fan tipo de control. \u00c9 evidente que neste \u00faltimo caso deber\u00eda ser o exercicio da paternidade o que limitase estas situaci\u00f3ns, pero entendemos que deber\u00eda regularse de xeito m\u00ednimo, en beneficio do desenvolvemento persoal e psicol\u00f3xico do menor.<\/p>\n\n\n\n<p>En canto \u00e1 prestaci\u00f3n laboral dos menores, constatamos que o traspaso de competencias en materia de autorizaci\u00f3n do traballo dos menores \u00e1s comunidades aut\u00f3nomas determina a disparidade das condici\u00f3ns e procedementos para a autorizaci\u00f3n do traballo dos menores en funci\u00f3n da comunidade aut\u00f3noma na que estean estes localizados.<\/p>\n\n\n\n<p>4.- <strong>Transici\u00f3n profesional<\/strong><\/p>\n\n\n\n<p>A proposta 58 do Informe da Subcomisi\u00f3n para a Elaboraci\u00f3n do Estatuto do Artista prev\u00e9 a constituci\u00f3n de <strong>Mecanismos de Transici\u00f3n Profesional adecuados e personalizados<\/strong>, como os que existen nos pa\u00edses lim\u00edtrofes, con \u00edndices de \u00e9xito superiores ao 85%, que permiten a artistas que por unha ou outra raz\u00f3n se ven obrigados a abandonar os escenarios para desenvolver unha nova carreira profesional. Unha nova carreira coa que conseguir xubilaci\u00f3ns dignas e non caer no risco de exclusi\u00f3n social. Os sectores art\u00edsticos poden ter unha curta vida profesional. \u00c9 fundamental a posibilidade de que exista unha transici\u00f3n que, segundo as peculiaridades dos distintos sectores, prolongue a vida profesional dos artistas, adapt\u00e1ndoa \u00e1s novas formas de expresi\u00f3n e traballo.<\/p>\n\n\n\n<p>Esta medida est\u00e1 estreitamente vinculada ao SEPE (Servizo P\u00fablico de Emprego Estatal) polo que se procurar\u00e1n reuni\u00f3ns conxuntas.<\/p>\n\n\n\n<p>Neste sentido, a proposta \u00e9 potenciar as posibilidades de empregabilidade e mobilidade destes artistas con medidas de apoio psicol\u00f3xico, asesoramento laboral e apoio \u00e1 formaci\u00f3n. Tendo en conta as particularidades vinculadas \u00e1 idade, a necesaria adaptaci\u00f3n das pol\u00edticas educativas e das pol\u00edticas activas de emprego \u00e1s especificidades do noso colectivo, e a necesaria inclusi\u00f3n dos perf\u00eds profesionais dos artistas esc\u00e9nicos no Cat\u00e1logo Nacional de Cualificaci\u00f3ns Profesionais (<em>Proxecto de Lei de Educaci\u00f3n Art\u00edstica)<\/em><\/p>\n\n\n\n<p><a href=\"https:\/\/educagob.educacionyfp.gob.es\/dam\/jcr:61b57385-fd2c-46e0-9382-a84bdc044640\/pl-ense-anzas-art-sticas.pdf.\" target=\"_blank\" rel=\"noreferrer noopener\">https:\/\/educagob.educacionyfp.gob.es\/dam\/jcr:61b57385-fd2c-46e0-9382-a84bdc044640\/pl-ense-anzas-art-sticas.pdf.<\/a><\/p>\n\n\n\n<p>Todo isto para que os profesionais deste colectivo poidan acceder a procesos de avaliaci\u00f3n e reco\u00f1ecemento de competencias, como ocorre co resto das profesi\u00f3ns.<\/p>\n","protected":false},"excerpt":{"rendered":"<p>1- Necesidade de colaborar co Ministerio de Traballo para conseguir novos encontros e Reactivar a Reforma integral do RD 1435\/1985, do r\u00e9xime especial de Artistas. 2.- Reco\u00f1ecemento dos sindicatos sectoriais como sindicatos representativos Propostas\/recomendaci\u00f3ns 33, 34 e 35 do Informe da Subcomisi\u00f3n para a Elaboraci\u00f3n do Estatuto do Artista A lexitimaci\u00f3n sindical na forma en [&hellip;]<\/p>\n","protected":false},"author":2,"featured_media":0,"comment_status":"closed","ping_status":"closed","sticky":false,"template":"","format":"standard","meta":{"footnotes":""},"categories":[33],"tags":[],"class_list":["post-1170","post","type-post","status-publish","format-standard","hentry","category-dereitos-para-obter"],"yoast_head":"<!-- This site is optimized with the Yoast SEO plugin v27.1.1 - https:\/\/yoast.com\/product\/yoast-seo-wordpress\/ -->\n<title>No escenario laboral - Estatuto del Artista - ConArte<\/title>\n<meta name=\"robots\" content=\"index, follow, max-snippet:-1, max-image-preview:large, max-video-preview:-1\" \/>\n<link rel=\"canonical\" href=\"https:\/\/estatutodelartista.com\/gl\/no-escenario-laboral\" \/>\n<meta property=\"og:locale\" content=\"gl_ES\" \/>\n<meta property=\"og:type\" content=\"article\" \/>\n<meta property=\"og:title\" content=\"No escenario laboral - Estatuto del Artista - ConArte\" \/>\n<meta property=\"og:description\" content=\"1- Necesidade de colaborar co Ministerio de Traballo para conseguir novos encontros e Reactivar a Reforma integral do RD 1435\/1985, do r\u00e9xime especial de Artistas. 2.- Reco\u00f1ecemento dos sindicatos sectoriais como sindicatos representativos Propostas\/recomendaci\u00f3ns 33, 34 e 35 do Informe da Subcomisi\u00f3n para a Elaboraci\u00f3n do Estatuto do Artista A lexitimaci\u00f3n sindical na forma en [&hellip;]\" \/>\n<meta property=\"og:url\" content=\"https:\/\/estatutodelartista.com\/gl\/no-escenario-laboral\" \/>\n<meta property=\"og:site_name\" content=\"Estatuto del Artista - ConArte\" \/>\n<meta property=\"article:publisher\" content=\"https:\/\/www.youtube.com\/channel\/UCkmRiNakmIVJ36IQkwouSGw\" \/>\n<meta property=\"article:published_time\" content=\"2024-03-17T15:53:29+00:00\" \/>\n<meta property=\"article:modified_time\" content=\"2024-11-13T15:16:59+00:00\" \/>\n<meta name=\"author\" content=\"John\" \/>\n<meta name=\"twitter:card\" content=\"summary_large_image\" \/>\n<meta name=\"twitter:label1\" content=\"Escrito por\" \/>\n\t<meta name=\"twitter:data1\" content=\"John\" \/>\n\t<meta name=\"twitter:label2\" content=\"Tempo de lectura\" \/>\n\t<meta name=\"twitter:data2\" content=\"5 minutos\" \/>\n<script type=\"application\/ld+json\" class=\"yoast-schema-graph\">{\"@context\":\"https:\/\/schema.org\",\"@graph\":[{\"@type\":\"Article\",\"@id\":\"https:\/\/estatutodelartista.com\/gl\/no-escenario-laboral#article\",\"isPartOf\":{\"@id\":\"https:\/\/estatutodelartista.com\/gl\/no-escenario-laboral\"},\"author\":{\"name\":\"John\",\"@id\":\"https:\/\/estatutodelartista.com\/gl#\/schema\/person\/6b3220ca521e5314484b7f3959dd208a\"},\"headline\":\"No escenario laboral\",\"datePublished\":\"2024-03-17T15:53:29+00:00\",\"dateModified\":\"2024-11-13T15:16:59+00:00\",\"mainEntityOfPage\":{\"@id\":\"https:\/\/estatutodelartista.com\/gl\/no-escenario-laboral\"},\"wordCount\":1096,\"publisher\":{\"@id\":\"https:\/\/estatutodelartista.com\/gl#organization\"},\"articleSection\":[\"Dereitos para obter\"],\"inLanguage\":\"gl-ES\"},{\"@type\":\"WebPage\",\"@id\":\"https:\/\/estatutodelartista.com\/gl\/no-escenario-laboral\",\"url\":\"https:\/\/estatutodelartista.com\/gl\/no-escenario-laboral\",\"name\":\"No escenario laboral - Estatuto del Artista - ConArte\",\"isPartOf\":{\"@id\":\"https:\/\/estatutodelartista.com\/gl#website\"},\"datePublished\":\"2024-03-17T15:53:29+00:00\",\"dateModified\":\"2024-11-13T15:16:59+00:00\",\"breadcrumb\":{\"@id\":\"https:\/\/estatutodelartista.com\/gl\/no-escenario-laboral#breadcrumb\"},\"inLanguage\":\"gl-ES\",\"potentialAction\":[{\"@type\":\"ReadAction\",\"target\":[\"https:\/\/estatutodelartista.com\/gl\/no-escenario-laboral\"]}]},{\"@type\":\"BreadcrumbList\",\"@id\":\"https:\/\/estatutodelartista.com\/gl\/no-escenario-laboral#breadcrumb\",\"itemListElement\":[{\"@type\":\"ListItem\",\"position\":1,\"name\":\"Portada\",\"item\":\"https:\/\/estatutodelartista.com\/gl\"},{\"@type\":\"ListItem\",\"position\":2,\"name\":\"No escenario laboral\"}]},{\"@type\":\"WebSite\",\"@id\":\"https:\/\/estatutodelartista.com\/gl#website\",\"url\":\"https:\/\/estatutodelartista.com\/gl\",\"name\":\"Estatuto del Artista\",\"description\":\"La web dedicada al Estatuto del Artista - ConArte\",\"publisher\":{\"@id\":\"https:\/\/estatutodelartista.com\/gl#organization\"},\"potentialAction\":[{\"@type\":\"SearchAction\",\"target\":{\"@type\":\"EntryPoint\",\"urlTemplate\":\"https:\/\/estatutodelartista.com\/gl?s={search_term_string}\"},\"query-input\":{\"@type\":\"PropertyValueSpecification\",\"valueRequired\":true,\"valueName\":\"search_term_string\"}}],\"inLanguage\":\"gl-ES\"},{\"@type\":\"Organization\",\"@id\":\"https:\/\/estatutodelartista.com\/gl#organization\",\"name\":\"Estatuto del Artista\",\"url\":\"https:\/\/estatutodelartista.com\/gl\",\"logo\":{\"@type\":\"ImageObject\",\"inLanguage\":\"gl-ES\",\"@id\":\"https:\/\/estatutodelartista.com\/gl#\/schema\/logo\/image\/\",\"url\":\"https:\/\/estatutodelartista.com\/wp-content\/uploads\/2024\/03\/EDA-LOGO-rojo.svg\",\"contentUrl\":\"https:\/\/estatutodelartista.com\/wp-content\/uploads\/2024\/03\/EDA-LOGO-rojo.svg\",\"width\":300,\"height\":300,\"caption\":\"Estatuto del Artista\"},\"image\":{\"@id\":\"https:\/\/estatutodelartista.com\/gl#\/schema\/logo\/image\/\"},\"sameAs\":[\"https:\/\/www.youtube.com\/channel\/UCkmRiNakmIVJ36IQkwouSGw\",\"https:\/\/www.instagram.com\/conarte_artistas\/\"]},{\"@type\":\"Person\",\"@id\":\"https:\/\/estatutodelartista.com\/gl#\/schema\/person\/6b3220ca521e5314484b7f3959dd208a\",\"name\":\"John\",\"image\":{\"@type\":\"ImageObject\",\"inLanguage\":\"gl-ES\",\"@id\":\"https:\/\/estatutodelartista.com\/gl#\/schema\/person\/image\/\",\"url\":\"https:\/\/estatutodelartista.com\/wp-content\/litespeed\/avatar\/7d43e434a148352262065e6d9cd2ada3.jpg?ver=1776898364\",\"contentUrl\":\"https:\/\/estatutodelartista.com\/wp-content\/litespeed\/avatar\/7d43e434a148352262065e6d9cd2ada3.jpg?ver=1776898364\",\"caption\":\"John\"},\"url\":\"https:\/\/estatutodelartista.com\/gl\/author\/john\"}]}<\/script>\n<!-- \/ Yoast SEO plugin. -->","yoast_head_json":{"title":"No escenario laboral - Estatuto del Artista - ConArte","robots":{"index":"index","follow":"follow","max-snippet":"max-snippet:-1","max-image-preview":"max-image-preview:large","max-video-preview":"max-video-preview:-1"},"canonical":"https:\/\/estatutodelartista.com\/gl\/no-escenario-laboral","og_locale":"gl_ES","og_type":"article","og_title":"No escenario laboral - Estatuto del Artista - ConArte","og_description":"1- Necesidade de colaborar co Ministerio de Traballo para conseguir novos encontros e Reactivar a Reforma integral do RD 1435\/1985, do r\u00e9xime especial de Artistas. 2.- Reco\u00f1ecemento dos sindicatos sectoriais como sindicatos representativos Propostas\/recomendaci\u00f3ns 33, 34 e 35 do Informe da Subcomisi\u00f3n para a Elaboraci\u00f3n do Estatuto do Artista A lexitimaci\u00f3n sindical na forma en [&hellip;]","og_url":"https:\/\/estatutodelartista.com\/gl\/no-escenario-laboral","og_site_name":"Estatuto del Artista - ConArte","article_publisher":"https:\/\/www.youtube.com\/channel\/UCkmRiNakmIVJ36IQkwouSGw","article_published_time":"2024-03-17T15:53:29+00:00","article_modified_time":"2024-11-13T15:16:59+00:00","author":"John","twitter_card":"summary_large_image","twitter_misc":{"Escrito por":"John","Tempo de lectura":"5 minutos"},"schema":{"@context":"https:\/\/schema.org","@graph":[{"@type":"Article","@id":"https:\/\/estatutodelartista.com\/gl\/no-escenario-laboral#article","isPartOf":{"@id":"https:\/\/estatutodelartista.com\/gl\/no-escenario-laboral"},"author":{"name":"John","@id":"https:\/\/estatutodelartista.com\/gl#\/schema\/person\/6b3220ca521e5314484b7f3959dd208a"},"headline":"No escenario laboral","datePublished":"2024-03-17T15:53:29+00:00","dateModified":"2024-11-13T15:16:59+00:00","mainEntityOfPage":{"@id":"https:\/\/estatutodelartista.com\/gl\/no-escenario-laboral"},"wordCount":1096,"publisher":{"@id":"https:\/\/estatutodelartista.com\/gl#organization"},"articleSection":["Dereitos para obter"],"inLanguage":"gl-ES"},{"@type":"WebPage","@id":"https:\/\/estatutodelartista.com\/gl\/no-escenario-laboral","url":"https:\/\/estatutodelartista.com\/gl\/no-escenario-laboral","name":"No escenario laboral - Estatuto del Artista - ConArte","isPartOf":{"@id":"https:\/\/estatutodelartista.com\/gl#website"},"datePublished":"2024-03-17T15:53:29+00:00","dateModified":"2024-11-13T15:16:59+00:00","breadcrumb":{"@id":"https:\/\/estatutodelartista.com\/gl\/no-escenario-laboral#breadcrumb"},"inLanguage":"gl-ES","potentialAction":[{"@type":"ReadAction","target":["https:\/\/estatutodelartista.com\/gl\/no-escenario-laboral"]}]},{"@type":"BreadcrumbList","@id":"https:\/\/estatutodelartista.com\/gl\/no-escenario-laboral#breadcrumb","itemListElement":[{"@type":"ListItem","position":1,"name":"Portada","item":"https:\/\/estatutodelartista.com\/gl"},{"@type":"ListItem","position":2,"name":"No escenario laboral"}]},{"@type":"WebSite","@id":"https:\/\/estatutodelartista.com\/gl#website","url":"https:\/\/estatutodelartista.com\/gl","name":"Estatuto del Artista","description":"La web dedicada al Estatuto del Artista - ConArte","publisher":{"@id":"https:\/\/estatutodelartista.com\/gl#organization"},"potentialAction":[{"@type":"SearchAction","target":{"@type":"EntryPoint","urlTemplate":"https:\/\/estatutodelartista.com\/gl?s={search_term_string}"},"query-input":{"@type":"PropertyValueSpecification","valueRequired":true,"valueName":"search_term_string"}}],"inLanguage":"gl-ES"},{"@type":"Organization","@id":"https:\/\/estatutodelartista.com\/gl#organization","name":"Estatuto del Artista","url":"https:\/\/estatutodelartista.com\/gl","logo":{"@type":"ImageObject","inLanguage":"gl-ES","@id":"https:\/\/estatutodelartista.com\/gl#\/schema\/logo\/image\/","url":"https:\/\/estatutodelartista.com\/wp-content\/uploads\/2024\/03\/EDA-LOGO-rojo.svg","contentUrl":"https:\/\/estatutodelartista.com\/wp-content\/uploads\/2024\/03\/EDA-LOGO-rojo.svg","width":300,"height":300,"caption":"Estatuto del Artista"},"image":{"@id":"https:\/\/estatutodelartista.com\/gl#\/schema\/logo\/image\/"},"sameAs":["https:\/\/www.youtube.com\/channel\/UCkmRiNakmIVJ36IQkwouSGw","https:\/\/www.instagram.com\/conarte_artistas\/"]},{"@type":"Person","@id":"https:\/\/estatutodelartista.com\/gl#\/schema\/person\/6b3220ca521e5314484b7f3959dd208a","name":"John","image":{"@type":"ImageObject","inLanguage":"gl-ES","@id":"https:\/\/estatutodelartista.com\/gl#\/schema\/person\/image\/","url":"https:\/\/estatutodelartista.com\/wp-content\/litespeed\/avatar\/7d43e434a148352262065e6d9cd2ada3.jpg?ver=1776898364","contentUrl":"https:\/\/estatutodelartista.com\/wp-content\/litespeed\/avatar\/7d43e434a148352262065e6d9cd2ada3.jpg?ver=1776898364","caption":"John"},"url":"https:\/\/estatutodelartista.com\/gl\/author\/john"}]}},"_links":{"self":[{"href":"https:\/\/estatutodelartista.com\/gl\/wp-json\/wp\/v2\/posts\/1170","targetHints":{"allow":["GET"]}}],"collection":[{"href":"https:\/\/estatutodelartista.com\/gl\/wp-json\/wp\/v2\/posts"}],"about":[{"href":"https:\/\/estatutodelartista.com\/gl\/wp-json\/wp\/v2\/types\/post"}],"author":[{"embeddable":true,"href":"https:\/\/estatutodelartista.com\/gl\/wp-json\/wp\/v2\/users\/2"}],"replies":[{"embeddable":true,"href":"https:\/\/estatutodelartista.com\/gl\/wp-json\/wp\/v2\/comments?post=1170"}],"version-history":[{"count":6,"href":"https:\/\/estatutodelartista.com\/gl\/wp-json\/wp\/v2\/posts\/1170\/revisions"}],"predecessor-version":[{"id":1764,"href":"https:\/\/estatutodelartista.com\/gl\/wp-json\/wp\/v2\/posts\/1170\/revisions\/1764"}],"wp:attachment":[{"href":"https:\/\/estatutodelartista.com\/gl\/wp-json\/wp\/v2\/media?parent=1170"}],"wp:term":[{"taxonomy":"category","embeddable":true,"href":"https:\/\/estatutodelartista.com\/gl\/wp-json\/wp\/v2\/categories?post=1170"},{"taxonomy":"post_tag","embeddable":true,"href":"https:\/\/estatutodelartista.com\/gl\/wp-json\/wp\/v2\/tags?post=1170"}],"curies":[{"name":"wp","href":"https:\/\/api.w.org\/{rel}","templated":true}]}}