{"id":1195,"date":"2024-03-17T15:49:47","date_gmt":"2024-03-17T15:49:47","guid":{"rendered":"https:\/\/estatutodelartista.com\/na-area-da-seguridade-social"},"modified":"2024-09-03T10:32:01","modified_gmt":"2024-09-03T10:32:01","slug":"na-area-da-seguridade-social","status":"publish","type":"post","link":"https:\/\/estatutodelartista.com\/gl\/na-area-da-seguridade-social","title":{"rendered":"Na \u00c1rea da Seguridade Social"},"content":{"rendered":"<p><\/p>\n<pre id=\"seguridadsocial\"><code><\/code><\/pre>\n<p><\/p>\n<p><strong>Enfermidades profesionais<\/strong><\/p>\n<p><\/p>\n<p>Na Proposta 59 do Informe da Subcomisi\u00f3n para a Elaboraci\u00f3n do Estatuto do Artista recomendouse unha <strong>abordaxe integral<\/strong> dos problemas de sa\u00fade:<\/p>\n<p><\/p>\n<ol class=\"wp-block-list\"><p><\/p>\n<li>O <strong>reco\u00f1ecemento das enfermidades profesionais<\/strong> que leve a unha axeitadaprevenci\u00f3n destas para minimizar os riscos para a sa\u00fade das persoas e normalizar a cultura preventiva nun sector precario e necesitado. A maior\u00eda destas doenzas, especialmente no \u00e1mbito das artes esc\u00e9nicas, tr\u00e1tanse como com\u00fans e non relacionadas co exercicio profesional. A idea ser\u00eda a incorporaci\u00f3n destas enfermidades <strong>mediante a modificaci\u00f3n do anexo I do RD 1299\/2006, a trav\u00e9s do procedemento previsto para el<\/strong> .  <\/li>\n<p><\/p><\/ol>\n<p><\/p>\n<p><a href=\"https:\/\/www.boe.es\/buscar\/act.php?id=BOE-A-2006-22169\" target=\"_blank\" rel=\"noreferrer noopener\">https:\/\/www.boe.es\/buscar\/act.php?id=BOE-A-2006-22169<\/a><\/p>\n<p><\/p>\n<ol class=\"wp-block-list\" start=\"2\"><p><\/p>\n<li>O establecemento de <strong>sistemas axeitados de vixilancia da sa\u00fade entre profesionais do entretemento<\/strong> . Estes sistemas demostraron que supo\u00f1en un importante aforro econ\u00f3mico para as empresas e unha gran garant\u00eda para a sa\u00fade dos artistas.<\/li>\n<p><\/p><\/ol>\n<p><\/p>\n<p>Na actualidade non existe unha relaci\u00f3n de enfermidades profesionais propias das distintas especialidades art\u00edsticas nin tampouco m\u00e9dicos especializados que as poidan tratar, circunstancia que si se produce no caso do deporte.<\/p>\n<p><\/p>","protected":false},"excerpt":{"rendered":"<p>Enfermidades profesionais Na Proposta 59 do Informe da Subcomisi\u00f3n para a Elaboraci\u00f3n do Estatuto do Artista recomendouse unha abordaxe integral dos problemas de sa\u00fade: https:\/\/www.boe.es\/buscar\/act.php?id=BOE-A-2006-22169 Na actualidade non existe unha relaci\u00f3n de enfermidades profesionais propias das distintas especialidades art\u00edsticas nin tampouco m\u00e9dicos especializados que as poidan tratar, circunstancia que si se produce no caso do [&hellip;]<\/p>\n","protected":false},"author":2,"featured_media":0,"comment_status":"closed","ping_status":"closed","sticky":false,"template":"","format":"standard","meta":{"footnotes":""},"categories":[33],"tags":[],"class_list":["post-1195","post","type-post","status-publish","format-standard","hentry","category-dereitos-para-obter"],"yoast_head":"<!-- This site is optimized with the Yoast SEO plugin v27.1.1 - https:\/\/yoast.com\/product\/yoast-seo-wordpress\/ -->\n<title>Na \u00c1rea da Seguridade Social - Estatuto del Artista - ConArte<\/title>\n<meta name=\"robots\" content=\"index, follow, max-snippet:-1, max-image-preview:large, max-video-preview:-1\" \/>\n<link rel=\"canonical\" href=\"https:\/\/estatutodelartista.com\/gl\/na-area-da-seguridade-social\" \/>\n<meta property=\"og:locale\" content=\"gl_ES\" \/>\n<meta property=\"og:type\" content=\"article\" \/>\n<meta property=\"og:title\" content=\"Na \u00c1rea da Seguridade Social - Estatuto del Artista - ConArte\" \/>\n<meta property=\"og:description\" content=\"Enfermidades profesionais Na Proposta 59 do Informe da Subcomisi\u00f3n para a Elaboraci\u00f3n do Estatuto do Artista recomendouse unha abordaxe integral dos problemas de sa\u00fade: https:\/\/www.boe.es\/buscar\/act.php?id=BOE-A-2006-22169 Na actualidade non existe unha relaci\u00f3n de enfermidades profesionais propias das distintas especialidades art\u00edsticas nin tampouco m\u00e9dicos especializados que as poidan tratar, circunstancia que si se produce no caso do [&hellip;]\" \/>\n<meta property=\"og:url\" content=\"https:\/\/estatutodelartista.com\/gl\/na-area-da-seguridade-social\" \/>\n<meta property=\"og:site_name\" content=\"Estatuto del Artista - ConArte\" \/>\n<meta property=\"article:publisher\" content=\"https:\/\/www.youtube.com\/channel\/UCkmRiNakmIVJ36IQkwouSGw\" \/>\n<meta property=\"article:published_time\" content=\"2024-03-17T15:49:47+00:00\" \/>\n<meta property=\"article:modified_time\" content=\"2024-09-03T10:32:01+00:00\" \/>\n<meta name=\"author\" content=\"John\" \/>\n<meta name=\"twitter:card\" content=\"summary_large_image\" \/>\n<meta name=\"twitter:label1\" content=\"Escrito por\" \/>\n\t<meta name=\"twitter:data1\" content=\"John\" \/>\n\t<meta name=\"twitter:label2\" content=\"Tempo de lectura\" \/>\n\t<meta name=\"twitter:data2\" content=\"1 minuto\" \/>\n<script type=\"application\/ld+json\" class=\"yoast-schema-graph\">{\"@context\":\"https:\/\/schema.org\",\"@graph\":[{\"@type\":\"Article\",\"@id\":\"https:\/\/estatutodelartista.com\/gl\/na-area-da-seguridade-social#article\",\"isPartOf\":{\"@id\":\"https:\/\/estatutodelartista.com\/gl\/na-area-da-seguridade-social\"},\"author\":{\"name\":\"John\",\"@id\":\"https:\/\/estatutodelartista.com\/gl#\/schema\/person\/6b3220ca521e5314484b7f3959dd208a\"},\"headline\":\"Na \u00c1rea da Seguridade Social\",\"datePublished\":\"2024-03-17T15:49:47+00:00\",\"dateModified\":\"2024-09-03T10:32:01+00:00\",\"mainEntityOfPage\":{\"@id\":\"https:\/\/estatutodelartista.com\/gl\/na-area-da-seguridade-social\"},\"wordCount\":196,\"publisher\":{\"@id\":\"https:\/\/estatutodelartista.com\/gl#organization\"},\"articleSection\":[\"Dereitos para obter\"],\"inLanguage\":\"gl-ES\"},{\"@type\":\"WebPage\",\"@id\":\"https:\/\/estatutodelartista.com\/gl\/na-area-da-seguridade-social\",\"url\":\"https:\/\/estatutodelartista.com\/gl\/na-area-da-seguridade-social\",\"name\":\"Na \u00c1rea da Seguridade Social - Estatuto del Artista - ConArte\",\"isPartOf\":{\"@id\":\"https:\/\/estatutodelartista.com\/gl#website\"},\"datePublished\":\"2024-03-17T15:49:47+00:00\",\"dateModified\":\"2024-09-03T10:32:01+00:00\",\"breadcrumb\":{\"@id\":\"https:\/\/estatutodelartista.com\/gl\/na-area-da-seguridade-social#breadcrumb\"},\"inLanguage\":\"gl-ES\",\"potentialAction\":[{\"@type\":\"ReadAction\",\"target\":[\"https:\/\/estatutodelartista.com\/gl\/na-area-da-seguridade-social\"]}]},{\"@type\":\"BreadcrumbList\",\"@id\":\"https:\/\/estatutodelartista.com\/gl\/na-area-da-seguridade-social#breadcrumb\",\"itemListElement\":[{\"@type\":\"ListItem\",\"position\":1,\"name\":\"Portada\",\"item\":\"https:\/\/estatutodelartista.com\/gl\"},{\"@type\":\"ListItem\",\"position\":2,\"name\":\"Na \u00c1rea da Seguridade Social\"}]},{\"@type\":\"WebSite\",\"@id\":\"https:\/\/estatutodelartista.com\/gl#website\",\"url\":\"https:\/\/estatutodelartista.com\/gl\",\"name\":\"Estatuto del Artista\",\"description\":\"La web dedicada al Estatuto del Artista - ConArte\",\"publisher\":{\"@id\":\"https:\/\/estatutodelartista.com\/gl#organization\"},\"potentialAction\":[{\"@type\":\"SearchAction\",\"target\":{\"@type\":\"EntryPoint\",\"urlTemplate\":\"https:\/\/estatutodelartista.com\/gl?s={search_term_string}\"},\"query-input\":{\"@type\":\"PropertyValueSpecification\",\"valueRequired\":true,\"valueName\":\"search_term_string\"}}],\"inLanguage\":\"gl-ES\"},{\"@type\":\"Organization\",\"@id\":\"https:\/\/estatutodelartista.com\/gl#organization\",\"name\":\"Estatuto del Artista\",\"url\":\"https:\/\/estatutodelartista.com\/gl\",\"logo\":{\"@type\":\"ImageObject\",\"inLanguage\":\"gl-ES\",\"@id\":\"https:\/\/estatutodelartista.com\/gl#\/schema\/logo\/image\/\",\"url\":\"https:\/\/estatutodelartista.com\/wp-content\/uploads\/2024\/03\/EDA-LOGO-rojo.svg\",\"contentUrl\":\"https:\/\/estatutodelartista.com\/wp-content\/uploads\/2024\/03\/EDA-LOGO-rojo.svg\",\"width\":300,\"height\":300,\"caption\":\"Estatuto del Artista\"},\"image\":{\"@id\":\"https:\/\/estatutodelartista.com\/gl#\/schema\/logo\/image\/\"},\"sameAs\":[\"https:\/\/www.youtube.com\/channel\/UCkmRiNakmIVJ36IQkwouSGw\",\"https:\/\/www.instagram.com\/conarte_artistas\/\"]},{\"@type\":\"Person\",\"@id\":\"https:\/\/estatutodelartista.com\/gl#\/schema\/person\/6b3220ca521e5314484b7f3959dd208a\",\"name\":\"John\",\"image\":{\"@type\":\"ImageObject\",\"inLanguage\":\"gl-ES\",\"@id\":\"https:\/\/estatutodelartista.com\/gl#\/schema\/person\/image\/\",\"url\":\"https:\/\/estatutodelartista.com\/wp-content\/litespeed\/avatar\/7d43e434a148352262065e6d9cd2ada3.jpg?ver=1776898364\",\"contentUrl\":\"https:\/\/estatutodelartista.com\/wp-content\/litespeed\/avatar\/7d43e434a148352262065e6d9cd2ada3.jpg?ver=1776898364\",\"caption\":\"John\"},\"url\":\"https:\/\/estatutodelartista.com\/gl\/author\/john\"}]}<\/script>\n<!-- \/ Yoast SEO plugin. -->","yoast_head_json":{"title":"Na \u00c1rea da Seguridade Social - Estatuto del Artista - ConArte","robots":{"index":"index","follow":"follow","max-snippet":"max-snippet:-1","max-image-preview":"max-image-preview:large","max-video-preview":"max-video-preview:-1"},"canonical":"https:\/\/estatutodelartista.com\/gl\/na-area-da-seguridade-social","og_locale":"gl_ES","og_type":"article","og_title":"Na \u00c1rea da Seguridade Social - Estatuto del Artista - ConArte","og_description":"Enfermidades profesionais Na Proposta 59 do Informe da Subcomisi\u00f3n para a Elaboraci\u00f3n do Estatuto do Artista recomendouse unha abordaxe integral dos problemas de sa\u00fade: https:\/\/www.boe.es\/buscar\/act.php?id=BOE-A-2006-22169 Na actualidade non existe unha relaci\u00f3n de enfermidades profesionais propias das distintas especialidades art\u00edsticas nin tampouco m\u00e9dicos especializados que as poidan tratar, circunstancia que si se produce no caso do [&hellip;]","og_url":"https:\/\/estatutodelartista.com\/gl\/na-area-da-seguridade-social","og_site_name":"Estatuto del Artista - ConArte","article_publisher":"https:\/\/www.youtube.com\/channel\/UCkmRiNakmIVJ36IQkwouSGw","article_published_time":"2024-03-17T15:49:47+00:00","article_modified_time":"2024-09-03T10:32:01+00:00","author":"John","twitter_card":"summary_large_image","twitter_misc":{"Escrito por":"John","Tempo de lectura":"1 minuto"},"schema":{"@context":"https:\/\/schema.org","@graph":[{"@type":"Article","@id":"https:\/\/estatutodelartista.com\/gl\/na-area-da-seguridade-social#article","isPartOf":{"@id":"https:\/\/estatutodelartista.com\/gl\/na-area-da-seguridade-social"},"author":{"name":"John","@id":"https:\/\/estatutodelartista.com\/gl#\/schema\/person\/6b3220ca521e5314484b7f3959dd208a"},"headline":"Na \u00c1rea da Seguridade Social","datePublished":"2024-03-17T15:49:47+00:00","dateModified":"2024-09-03T10:32:01+00:00","mainEntityOfPage":{"@id":"https:\/\/estatutodelartista.com\/gl\/na-area-da-seguridade-social"},"wordCount":196,"publisher":{"@id":"https:\/\/estatutodelartista.com\/gl#organization"},"articleSection":["Dereitos para obter"],"inLanguage":"gl-ES"},{"@type":"WebPage","@id":"https:\/\/estatutodelartista.com\/gl\/na-area-da-seguridade-social","url":"https:\/\/estatutodelartista.com\/gl\/na-area-da-seguridade-social","name":"Na \u00c1rea da Seguridade Social - Estatuto del Artista - ConArte","isPartOf":{"@id":"https:\/\/estatutodelartista.com\/gl#website"},"datePublished":"2024-03-17T15:49:47+00:00","dateModified":"2024-09-03T10:32:01+00:00","breadcrumb":{"@id":"https:\/\/estatutodelartista.com\/gl\/na-area-da-seguridade-social#breadcrumb"},"inLanguage":"gl-ES","potentialAction":[{"@type":"ReadAction","target":["https:\/\/estatutodelartista.com\/gl\/na-area-da-seguridade-social"]}]},{"@type":"BreadcrumbList","@id":"https:\/\/estatutodelartista.com\/gl\/na-area-da-seguridade-social#breadcrumb","itemListElement":[{"@type":"ListItem","position":1,"name":"Portada","item":"https:\/\/estatutodelartista.com\/gl"},{"@type":"ListItem","position":2,"name":"Na \u00c1rea da Seguridade Social"}]},{"@type":"WebSite","@id":"https:\/\/estatutodelartista.com\/gl#website","url":"https:\/\/estatutodelartista.com\/gl","name":"Estatuto del Artista","description":"La web dedicada al Estatuto del Artista - ConArte","publisher":{"@id":"https:\/\/estatutodelartista.com\/gl#organization"},"potentialAction":[{"@type":"SearchAction","target":{"@type":"EntryPoint","urlTemplate":"https:\/\/estatutodelartista.com\/gl?s={search_term_string}"},"query-input":{"@type":"PropertyValueSpecification","valueRequired":true,"valueName":"search_term_string"}}],"inLanguage":"gl-ES"},{"@type":"Organization","@id":"https:\/\/estatutodelartista.com\/gl#organization","name":"Estatuto del Artista","url":"https:\/\/estatutodelartista.com\/gl","logo":{"@type":"ImageObject","inLanguage":"gl-ES","@id":"https:\/\/estatutodelartista.com\/gl#\/schema\/logo\/image\/","url":"https:\/\/estatutodelartista.com\/wp-content\/uploads\/2024\/03\/EDA-LOGO-rojo.svg","contentUrl":"https:\/\/estatutodelartista.com\/wp-content\/uploads\/2024\/03\/EDA-LOGO-rojo.svg","width":300,"height":300,"caption":"Estatuto del Artista"},"image":{"@id":"https:\/\/estatutodelartista.com\/gl#\/schema\/logo\/image\/"},"sameAs":["https:\/\/www.youtube.com\/channel\/UCkmRiNakmIVJ36IQkwouSGw","https:\/\/www.instagram.com\/conarte_artistas\/"]},{"@type":"Person","@id":"https:\/\/estatutodelartista.com\/gl#\/schema\/person\/6b3220ca521e5314484b7f3959dd208a","name":"John","image":{"@type":"ImageObject","inLanguage":"gl-ES","@id":"https:\/\/estatutodelartista.com\/gl#\/schema\/person\/image\/","url":"https:\/\/estatutodelartista.com\/wp-content\/litespeed\/avatar\/7d43e434a148352262065e6d9cd2ada3.jpg?ver=1776898364","contentUrl":"https:\/\/estatutodelartista.com\/wp-content\/litespeed\/avatar\/7d43e434a148352262065e6d9cd2ada3.jpg?ver=1776898364","caption":"John"},"url":"https:\/\/estatutodelartista.com\/gl\/author\/john"}]}},"_links":{"self":[{"href":"https:\/\/estatutodelartista.com\/gl\/wp-json\/wp\/v2\/posts\/1195","targetHints":{"allow":["GET"]}}],"collection":[{"href":"https:\/\/estatutodelartista.com\/gl\/wp-json\/wp\/v2\/posts"}],"about":[{"href":"https:\/\/estatutodelartista.com\/gl\/wp-json\/wp\/v2\/types\/post"}],"author":[{"embeddable":true,"href":"https:\/\/estatutodelartista.com\/gl\/wp-json\/wp\/v2\/users\/2"}],"replies":[{"embeddable":true,"href":"https:\/\/estatutodelartista.com\/gl\/wp-json\/wp\/v2\/comments?post=1195"}],"version-history":[{"count":5,"href":"https:\/\/estatutodelartista.com\/gl\/wp-json\/wp\/v2\/posts\/1195\/revisions"}],"predecessor-version":[{"id":1422,"href":"https:\/\/estatutodelartista.com\/gl\/wp-json\/wp\/v2\/posts\/1195\/revisions\/1422"}],"wp:attachment":[{"href":"https:\/\/estatutodelartista.com\/gl\/wp-json\/wp\/v2\/media?parent=1195"}],"wp:term":[{"taxonomy":"category","embeddable":true,"href":"https:\/\/estatutodelartista.com\/gl\/wp-json\/wp\/v2\/categories?post=1195"},{"taxonomy":"post_tag","embeddable":true,"href":"https:\/\/estatutodelartista.com\/gl\/wp-json\/wp\/v2\/tags?post=1195"}],"curies":[{"name":"wp","href":"https:\/\/api.w.org\/{rel}","templated":true}]}}